{"id":18177,"date":"2022-11-11T08:42:27","date_gmt":"2022-11-11T08:42:27","guid":{"rendered":"https:\/\/opg-rakovac.hr\/?p=18177"},"modified":"2024-11-07T17:12:35","modified_gmt":"2024-11-07T16:12:35","slug":"mlado-ekstra-devisko-oljcno-olje","status":"publish","type":"post","link":"https:\/\/opg-rakovac.hr\/sl\/blog\/oljcno-olje-bilini\/mlado-ekstra-devisko-oljcno-olje\/","title":{"rendered":"Mlado ekstra devi\u0161ko olj\u010dno olje Bilini (obiranje 2022)"},"content":{"rendered":"<p><strong>Mlado ekstra devi\u0161ko olj\u010dno olje<\/strong> Bilini je pripravljeno! Obiranje oljk 2022 je kon\u010dano.<\/p>\n<figure id=\"attachment_17034\" aria-describedby=\"caption-attachment-17034\" style=\"width: 300px\" class=\"wp-caption aligncenter\"><a href=\"https:\/\/opg-rakovac.hr\/wp-content\/uploads\/2022\/11\/mlado-ekstra-djevicansko-maslinovo-ulje-1-300x300.webp\" class=\"fancybox\"><img decoding=\"async\" class=\"wp-image-17034 size-medium\" title=\"Mlado ekstra devi\u0161ko olj\u010dno olje Bilini\" src=\"https:\/\/opg-rakovac.hr\/wp-content\/uploads\/2022\/11\/mlado-ekstra-djevicansko-maslinovo-ulje-1-300x300.webp\" alt=\"Mlado ekstra devi\u0161ko olj\u010dno olje\" width=\"300\" height=\"300\" srcset=\"https:\/\/opg-rakovac.hr\/wp-content\/uploads\/2022\/11\/mlado-ekstra-djevicansko-maslinovo-ulje-1-300x300.webp 300w, https:\/\/opg-rakovac.hr\/wp-content\/uploads\/2022\/11\/mlado-ekstra-djevicansko-maslinovo-ulje-1-150x150.webp 150w, https:\/\/opg-rakovac.hr\/wp-content\/uploads\/2022\/11\/mlado-ekstra-djevicansko-maslinovo-ulje-1-500x500.webp 500w, https:\/\/opg-rakovac.hr\/wp-content\/uploads\/2022\/11\/mlado-ekstra-djevicansko-maslinovo-ulje-1-200x200.webp 200w, https:\/\/opg-rakovac.hr\/wp-content\/uploads\/2022\/11\/mlado-ekstra-djevicansko-maslinovo-ulje-1-230x230.webp 230w, https:\/\/opg-rakovac.hr\/wp-content\/uploads\/2022\/11\/mlado-ekstra-djevicansko-maslinovo-ulje-1-600x600.webp 600w, https:\/\/opg-rakovac.hr\/wp-content\/uploads\/2022\/11\/mlado-ekstra-djevicansko-maslinovo-ulje-1-635x635.webp 635w, https:\/\/opg-rakovac.hr\/wp-content\/uploads\/2022\/11\/mlado-ekstra-djevicansko-maslinovo-ulje-1-292x292.webp 292w, https:\/\/opg-rakovac.hr\/wp-content\/uploads\/2022\/11\/mlado-ekstra-djevicansko-maslinovo-ulje-1-324x324.webp 324w, https:\/\/opg-rakovac.hr\/wp-content\/uploads\/2022\/11\/mlado-ekstra-djevicansko-maslinovo-ulje-1-416x416.webp 416w, https:\/\/opg-rakovac.hr\/wp-content\/uploads\/2022\/11\/mlado-ekstra-djevicansko-maslinovo-ulje-1-100x100.webp 100w, https:\/\/opg-rakovac.hr\/wp-content\/uploads\/2022\/11\/mlado-ekstra-djevicansko-maslinovo-ulje-1.webp 707w\" sizes=\"(max-width: 300px) 100vw, 300px\" \/><\/a><figcaption id=\"caption-attachment-17034\" class=\"wp-caption-text\">Mlado ekstra devi\u0161ko olj\u010dno olje Bilini<\/figcaption><\/figure>\n<div class=\"cta-link animate animate--sm\">\n\t<div class=\"btn-wrapper text-center\">\n\t\t<a href=\"https:\/\/opg-rakovac.hr\/sl\/shop\/\" class=\"btn btn-primary\">\n\t\t\tNARO\u010cITE OLJ\u010cNO OLJE BILINI!\t\t<\/a>\n\t<\/div>\n<\/div>\n<p>Preberite, kako je pri nas potekalo leto\u0161njo obiranje \ud83d\udc47<\/p>\n<p><img decoding=\"async\" class=\"aligncenter wp-image-18178\" src=\"https:\/\/opg-rakovac.hr\/wp-content\/uploads\/2022\/11\/google-translate-SLO.webp\" alt=\"\" width=\"150\" height=\"73\" srcset=\"https:\/\/opg-rakovac.hr\/wp-content\/uploads\/2022\/11\/google-translate-SLO.webp 660w, https:\/\/opg-rakovac.hr\/wp-content\/uploads\/2022\/11\/google-translate-SLO-300x147.webp 300w, https:\/\/opg-rakovac.hr\/wp-content\/uploads\/2022\/11\/google-translate-SLO-230x113.webp 230w, https:\/\/opg-rakovac.hr\/wp-content\/uploads\/2022\/11\/google-translate-SLO-324x159.webp 324w, https:\/\/opg-rakovac.hr\/wp-content\/uploads\/2022\/11\/google-translate-SLO-416x204.webp 416w\" sizes=\"(max-width: 150px) 100vw, 150px\" \/><\/p>\n<h2 class=\"section-header\" class=\"section-header\">Priprava olj\u010dnih nasadov<\/h2>\n<p>Preden se za\u010dne trgatev in preden pridobimo novo sezonsko ekstra devi\u0161ko olj\u010dno olje, je potrebno pripraviti olj\u010dne nasade. To je lahko kar zahtevno delo, \u010de imamo opravka s hektarji povr\u0161in. Najprej: s ko\u0161njo ne smete za\u010deti veliko pred na\u010drtovanim za\u010detkom obiranj, saj lahko &#8211; v letih, ko je nadpovpre\u010dno toplo &#8211; trava mo\u010dno zraste od dneva ko\u0161nje do obiranj.<\/p>\n<p>Moj leto\u0161nji na\u010drt priprave olj\u010dnega nasada je bil naslednji.<\/p>\n<h3>Na\u010drt priprave pred obiranje<\/h3>\n<p>\u2705 Odstranjevanje kamenja iz <a href=\"https:\/\/opg-rakovac.hr\/sl\/galerija\/fotografije\/oljcni-nasad-zacrikva\/\" target=\"_blank\" rel=\"noopener\">na\u0161ega olj\u010dnika Zacrikva<\/a>. Z vsakim oranjem na povr\u0161je priplavajo novi ve\u010dji in manj\u0161i kamni. Samo poglejte kup, ki so ga v nekaj letih izkopali prav iz tega olj\u010dnega nasada:<\/p>\n<figure id=\"attachment_17042\" aria-describedby=\"caption-attachment-17042\" style=\"width: 300px\" class=\"wp-caption aligncenter\"><a href=\"https:\/\/opg-rakovac.hr\/wp-content\/uploads\/2022\/11\/20221030_075808-e1667490377792.webp\" class=\"fancybox\"><img decoding=\"async\" class=\"wp-image-17042 size-medium\" title=\"kamni iz olj\u010dnega nasada Zacrikva\" src=\"https:\/\/opg-rakovac.hr\/wp-content\/uploads\/2022\/11\/20221030_075808-e1667490377792-300x169.webp\" alt=\"kamni iz olj\u010dnega nasada\" width=\"300\" height=\"169\" srcset=\"https:\/\/opg-rakovac.hr\/wp-content\/uploads\/2022\/11\/20221030_075808-e1667490377792-300x169.webp 300w, https:\/\/opg-rakovac.hr\/wp-content\/uploads\/2022\/11\/20221030_075808-e1667490377792-768x433.webp 768w, https:\/\/opg-rakovac.hr\/wp-content\/uploads\/2022\/11\/20221030_075808-e1667490377792-570x320.webp 570w, https:\/\/opg-rakovac.hr\/wp-content\/uploads\/2022\/11\/20221030_075808-e1667490377792-230x130.webp 230w, https:\/\/opg-rakovac.hr\/wp-content\/uploads\/2022\/11\/20221030_075808-e1667490377792-324x183.webp 324w, https:\/\/opg-rakovac.hr\/wp-content\/uploads\/2022\/11\/20221030_075808-e1667490377792-416x234.webp 416w, https:\/\/opg-rakovac.hr\/wp-content\/uploads\/2022\/11\/20221030_075808-e1667490377792.webp 900w\" sizes=\"(max-width: 300px) 100vw, 300px\" \/><\/a><figcaption id=\"caption-attachment-17042\" class=\"wp-caption-text\">kamni iz olj\u010dnega nasada Zacrikva<\/figcaption><\/figure>\n<p>\u2705 Ko\u0161nja olj\u010dnih nasadov. Najprej smo s traktorjem pokosili glavnino med oljkami. Nato smo s trimerjem pokosili ostalo travo.<\/p>\n<p>\u2705 Rezanje poganjkov, ki izra\u0161\u010dajo iz korenin, da lahko med spravilom vsa drevesa lepo ovijemo z mre\u017eami.<\/p>\n<p>\u017dal ne more vedno iti vse po na\u010drtih:<\/p>\n<p>\u274c Med ko\u0161njo na\u0161ega mladega olj\u010dnika se mi je zgodila vrsta nesre\u010dnih okoli\u0161\u010din. Najprej se mi je pokvaril trimer. Potem pa sem med snemanjem trimera stopil na trn. Ravno ko sem hotel sezuti supergo, da odstranim trn, sem stopil v s travo poraslo jamo. Zaradi tega me \u0161e vedno boli koleno. V Istri imamo rek: &#8220;Hudi\u010d vedno se*e na velik kup&#8221;. Glede na to, da tisti dan nisem mogel ve\u010d kositi trave, sem se lotil odstranjevanja poganjkov z oljk. Pri\u0161el sem do ene na\u0161ih najstarej\u0161ih bu\u017e in &#8211; med delom &#8211; kihnil. Dve sekundi za tem me je nekaj tre\u0161\u010dilo v obraz. Imel sem vtis, da gre za manj\u0161o ptico.<\/p>\n<p>In potem se je za\u010dela bole\u010dina na \u010delu. Nato sem zasli\u0161al bren\u010danje okoli sebe. To so bili sr\u0161eni! Bolje re\u010deno: celo sr\u0161enje gnezdo v votlini tega drevesa. Verjetno jih je zmotilo moje kihanje v sicer povsem mirnem okolju.<\/p>\n<h2 class=\"section-header\" class=\"section-header\">Obiranje oljk 2022<\/h2>\n<p>Prestali smo vse tegobe in 18. oktobra pri\u010deli s obiranjem. Leto\u0161nja trgatev mi bo ostala v spominu kot ena najprijetnej\u0161ih. Delo je bilo te\u017eko, kot vsako leto. Razprostiranje mre\u017e, obiranje oljk, 100.000 korakov na dan. ampak&#8230;<\/p>\n<p>Ves \u010das trgatve smo imeli \u010dudovito vreme. Imeli smo ob\u010dutek, da je pozno poletje in ne jesen. Temperatura je bila vsak dan okrog 25\u00baC. Na trenutke je bilo celo prevro\u010de!<\/p>\n<p>Letos smo imeli odli\u010dno sre\u010do tudi s plodovi: izjemno zdravi = ni bilo olj\u010dne muhe. Samo poglejte, kako lepe so te &#8220;frnikole&#8221; \ud83d\udc47<\/p>\n\n\t\t\t<ul class='galerija list-inline list-unstyled fancybox-show-nav'>\n\n\t\t\t\t\n\t\t\t\t<li class=\"col-md-4 col-sm-6 col-xs-4 thumb-wrapper\">\n\t\t\t\t\t<a class=\"fancybox\" data-fancybox=\"mlado+ekstra+devi%c5%a1ko+olj%c4%8dno+olje+bilini+%28obiranje+2022%29\" data-caption=\"plodovi maslina\" href=\"https:\/\/opg-rakovac.hr\/wp-content\/uploads\/2022\/11\/20221020_104943-800x800.webp\" data-title=\"plodovi maslina\">\n\t\t\t\t\t\t<img decoding=\"async\" class=\"thumb img-responsive\" src=\"https:\/\/opg-rakovac.hr\/wp-content\/uploads\/2022\/11\/20221020_104943-365x270.webp\" alt=\"plodovi maslina\">\n\t\t\t\t\t<\/a>\n\t\t\t\t<\/li>\n\n\t\t\t\t\n\t\t\t\t<li class=\"col-md-4 col-sm-6 col-xs-4 thumb-wrapper\">\n\t\t\t\t\t<a class=\"fancybox\" data-fancybox=\"mlado+ekstra+devi%c5%a1ko+olj%c4%8dno+olje+bilini+%28obiranje+2022%29\" data-caption=\"masline leccino\" href=\"https:\/\/opg-rakovac.hr\/wp-content\/uploads\/2022\/11\/20221021_131653-800x800.webp\" data-title=\"masline leccino\">\n\t\t\t\t\t\t<img decoding=\"async\" class=\"thumb img-responsive\" src=\"https:\/\/opg-rakovac.hr\/wp-content\/uploads\/2022\/11\/20221021_131653-365x270.webp\" alt=\"masline leccino\">\n\t\t\t\t\t<\/a>\n\t\t\t\t<\/li>\n\n\t\t\t\t\n\t\t\t\t<li class=\"col-md-4 col-sm-6 col-xs-4 thumb-wrapper\">\n\t\t\t\t\t<a class=\"fancybox\" data-fancybox=\"mlado+ekstra+devi%c5%a1ko+olj%c4%8dno+olje+bilini+%28obiranje+2022%29\" data-caption=\"plodovi masline\" href=\"https:\/\/opg-rakovac.hr\/wp-content\/uploads\/2022\/11\/20221020_111012-800x800.webp\" data-title=\"plodovi masline\">\n\t\t\t\t\t\t<img decoding=\"async\" class=\"thumb img-responsive\" src=\"https:\/\/opg-rakovac.hr\/wp-content\/uploads\/2022\/11\/20221020_111012-365x270.webp\" alt=\"plodovi masline\">\n\t\t\t\t\t<\/a>\n\t\t\t\t<\/li>\n\n\t\t\t\t\t\t\t<\/ul>\n\t\t\t\n<h2 class=\"section-header\" class=\"section-header\">Koliko olja so letos obrodile oljke?<\/h2>\n<p>Tudi donos\u00b9 je bil odli\u010den! Tako ni bila le letina obilna z zdravimi plodovi in nas je spremljalo tudi \u010dudovito vreme. Oljke so letos obrodile okoli 15 % olj\u010dnega olja, kar je za nas slam! (navajeni smo na izkoristek cca 10%)<\/p>\n<figure id=\"attachment_17062\" aria-describedby=\"caption-attachment-17062\" style=\"width: 300px\" class=\"wp-caption aligncenter\"><a href=\"https:\/\/opg-rakovac.hr\/wp-content\/uploads\/2022\/11\/20221018_123437-300x300.webp\" class=\"fancybox\"><img decoding=\"async\" class=\"wp-image-17062 size-medium\" title=\"Posebno visoko vsebnost olja je dala sorta istarska belica\" src=\"https:\/\/opg-rakovac.hr\/wp-content\/uploads\/2022\/11\/20221018_123437-300x300.webp\" alt=\"istarska belica\" width=\"300\" height=\"300\" srcset=\"https:\/\/opg-rakovac.hr\/wp-content\/uploads\/2022\/11\/20221018_123437-300x300.webp 300w, https:\/\/opg-rakovac.hr\/wp-content\/uploads\/2022\/11\/20221018_123437-150x150.webp 150w, https:\/\/opg-rakovac.hr\/wp-content\/uploads\/2022\/11\/20221018_123437-768x768.webp 768w, https:\/\/opg-rakovac.hr\/wp-content\/uploads\/2022\/11\/20221018_123437-800x800.webp 800w, https:\/\/opg-rakovac.hr\/wp-content\/uploads\/2022\/11\/20221018_123437-500x500.webp 500w, https:\/\/opg-rakovac.hr\/wp-content\/uploads\/2022\/11\/20221018_123437-200x200.webp 200w, https:\/\/opg-rakovac.hr\/wp-content\/uploads\/2022\/11\/20221018_123437-230x230.webp 230w, https:\/\/opg-rakovac.hr\/wp-content\/uploads\/2022\/11\/20221018_123437-600x600.webp 600w, https:\/\/opg-rakovac.hr\/wp-content\/uploads\/2022\/11\/20221018_123437-635x635.webp 635w, https:\/\/opg-rakovac.hr\/wp-content\/uploads\/2022\/11\/20221018_123437-292x292.webp 292w, https:\/\/opg-rakovac.hr\/wp-content\/uploads\/2022\/11\/20221018_123437-324x324.webp 324w, https:\/\/opg-rakovac.hr\/wp-content\/uploads\/2022\/11\/20221018_123437-416x416.webp 416w, https:\/\/opg-rakovac.hr\/wp-content\/uploads\/2022\/11\/20221018_123437-100x100.webp 100w, https:\/\/opg-rakovac.hr\/wp-content\/uploads\/2022\/11\/20221018_123437.webp 1000w\" sizes=\"(max-width: 300px) 100vw, 300px\" \/><\/a><figcaption id=\"caption-attachment-17062\" class=\"wp-caption-text\">Posebno visoko vsebnost olja je dala sorta istarska belica<\/figcaption><\/figure>\n<h2 class=\"section-header\" class=\"section-header\">Mlado ekstra devi\u0161ko olj\u010dno olje Bilini<\/h2>\n<p>Vsak dan, takoj po obiranju, smo na\u0161e oljke vozili v predelavo v najbolj\u0161e istrske oljarne (<a href=\"https:\/\/www.grubic.hr\/\" target=\"_blank\" rel=\"noopener\">Grubi\u0107<\/a>, Nonno Bruno). Nekaj \u200b\u200bdni smo opravili tri ture do olj\u010dnih oljarn. Letos je bila v oljarnah precej\u0161nja gne\u010da, zato je bilo treba \u00bbmanevrirati\u00ab, da smo tam ujeli prosto posodo za raztovarjanje na\u0161ih oljk.<\/p>\n<p>Tudi to nam je uspelo. In na\u0161a zvesta Mazda Premacy je iz vasi Rakovci v oljarne potegnila \u0161e 8,5 ton oljk.<\/p>\n<p><a href=\"https:\/\/opg-rakovac.hr\/wp-content\/uploads\/2022\/11\/20221031_133233-300x169.webp\" class=\"fancybox\"><img decoding=\"async\" class=\"aligncenter wp-image-17074 size-medium\" src=\"https:\/\/opg-rakovac.hr\/wp-content\/uploads\/2022\/11\/20221031_133233-300x169.webp\" alt=\"mazda premacy\" width=\"300\" height=\"169\" srcset=\"https:\/\/opg-rakovac.hr\/wp-content\/uploads\/2022\/11\/20221031_133233-300x169.webp 300w, https:\/\/opg-rakovac.hr\/wp-content\/uploads\/2022\/11\/20221031_133233-1024x576.webp 1024w, https:\/\/opg-rakovac.hr\/wp-content\/uploads\/2022\/11\/20221031_133233-768x432.webp 768w, https:\/\/opg-rakovac.hr\/wp-content\/uploads\/2022\/11\/20221031_133233-570x320.webp 570w, https:\/\/opg-rakovac.hr\/wp-content\/uploads\/2022\/11\/20221031_133233-230x129.webp 230w, https:\/\/opg-rakovac.hr\/wp-content\/uploads\/2022\/11\/20221031_133233-1066x600.webp 1066w, https:\/\/opg-rakovac.hr\/wp-content\/uploads\/2022\/11\/20221031_133233-324x182.webp 324w, https:\/\/opg-rakovac.hr\/wp-content\/uploads\/2022\/11\/20221031_133233-416x234.webp 416w, https:\/\/opg-rakovac.hr\/wp-content\/uploads\/2022\/11\/20221031_133233.webp 1100w\" sizes=\"(max-width: 300px) 100vw, 300px\" \/><\/a><\/p>\n<p>In po 9 napornih dneh in delu od jutra do ve\u010dera, smo novo sezonsko ekstra devi\u0161ko olj\u010dno olje Bilini shranili v sodih. Njegova \u010dudovita zelena barva\u00b2, sadna aroma in \u010dudovit harmoni\u010den okus z grenkobo in pikantnostjo nam daje slutiti mo\u017enost priznanja in nagrade za EDOO Bilini tudi letos \ud83c\udfc6<\/p>\n<p>Nisem mogel ve\u010d \u010dakati &#8230; Takoj ko sem domov prinesel prvo turo olja, sem si nato\u010dil za vonj in okus:<\/p>\n<p><div class=\"embed-responsive embed-responsive-16by9\"><iframe loading=\"lazy\" title=\"Mlado ekstra djevi\u010dansko maslinovo ulje Bilini (Berba 2022.)\" src=\"https:\/\/www.youtube.com\/embed\/3kzdGZ3EyY0\" width=\"653\" height=\"1161\" frameborder=\"0\" allowfullscreen=\"allowfullscreen\" data-mce-fragment=\"1\"><\/iframe><\/div><\/p>\n<p>\u010ce \u017eelite okusiti novo sezonsko ekstra devi\u0161ko olj\u010dno olje Bilini, kliknite na spodnji gumb in izberite \u017eeleno pakiranje v na\u0161i spletni trgovini!<\/p>\n<div class=\"cta-link animate animate--sm\">\n\t<div class=\"btn-wrapper text-center\">\n\t\t<a href=\"https:\/\/opg-rakovac.hr\/sl\/shop\/\" class=\"btn btn-primary\">\n\t\t\tNARO\u010cITE OLJ\u010cNO OLJE BILINI!\t\t<\/a>\n\t<\/div>\n<\/div>\n<h2 class=\"section-header\" class=\"section-header\">Cena leto\u0161njega ekstra devi\u0161kega olj\u010dnega olja Bilini<\/h2>\n<p>Za vas imamo dobre novice. Kljub podra\u017eitvi za&#8230; no, vse, smo se odlo\u010dili, da ne bomo dvignili cen na\u0161ega olj\u010dnega olja. Zato ostajajo cene EDOO Bilini nespremenjene.\ud83d\ude0a<\/p>\n<hr \/>\n<hr \/>\n<p>\u00b9 <strong>Donos olja<\/strong> iz predelanih oljk izra\u010dunamo takole: \u010de iz tone oljk dobimo 11 % olja, to pomeni, da dobimo 110 kilogramov olja na eno tono oljk. Pozor: liter in kilogram olj\u010dnega olja nista eno in isto. Za izra\u010dun, koliko litrov dobimo iz navedenega primera: 110 kg olja je treba pomno\u017eiti z 1.085 \ud83d\udc49 na koncu pridemo do 119,35 litrov olj\u010dnega olja iz 1 tone oljk.<\/p>\n<p>\u00b2 <strong>Zelena barva<\/strong> sve\u017eega ekstra devi\u0161kega olj\u010dnega olja izvira predvsem iz klorofila iz oliv. S periodi\u010dnim pretakanjem olj\u010dnega olja skozi vse leto in procesom zorenja olja zelena barva postopoma izginja. Zato &#8211; \u010de si \u017eelite travnato zelenega olja \ud83d\ude0a ga naro\u010dite zdaj.<\/p>\n","protected":false},"excerpt":{"rendered":"<p>Mlado ekstra devi\u0161ko olj\u010dno olje Bilini je pripravljeno! Obiranje oljk 2022 je kon\u010dano. Preberite, kako je pri nas potekalo leto\u0161njo obiranje \ud83d\udc47 Priprava olj\u010dnih nasadov Preden se za\u010dne trgatev in preden pridobimo novo sezonsko ekstra devi\u0161ko olj\u010dno olje, je potrebno pripraviti olj\u010dne nasade. To je lahko kar zahtevno delo, \u010de imamo opravka s hektarji povr\u0161in. [&hellip;]<\/p>\n","protected":false},"author":1,"featured_media":17038,"comment_status":"open","ping_status":"closed","sticky":false,"template":"","format":"standard","meta":{"_acf_changed":false,"h5ap_radio_sources":[],"footnotes":""},"categories":[557],"tags":[1210],"class_list":["post-18177","post","type-post","status-publish","format-standard","has-post-thumbnail","hentry","category-oljcno-olje-bilini","tag-mlado-ekstra-devisko-oljcno-olje"],"acf":[],"yoast_head":"<!-- This site is optimized with the Yoast SEO plugin v27.4 - https:\/\/yoast.com\/product\/yoast-seo-wordpress\/ -->\n<title>Mlado ekstra devi\u0161ko olj\u010dno olje Bilini (obiranje 2022)<\/title>\n<meta name=\"description\" content=\"Mlado ekstra devi\u0161ko olj\u010dno olje Bilini je tu! Obiranje 2022 je kon\u010dano in imamo mlado, sve\u017ee, fenomenalno olj\u010dno olje\" \/>\n<meta name=\"robots\" content=\"index, follow, max-snippet:-1, max-image-preview:large, max-video-preview:-1\" \/>\n<link rel=\"canonical\" href=\"https:\/\/opg-rakovac.hr\/sl\/blog\/oljcno-olje-bilini\/mlado-oljcno-olje-bilini-je-tu\/\" \/>\n<meta property=\"og:locale\" content=\"sl_SI\" \/>\n<meta property=\"og:type\" content=\"article\" \/>\n<meta property=\"og:title\" content=\"Mlado ekstra devi\u0161ko olj\u010dno olje Bilini (obiranje 2022)\" \/>\n<meta property=\"og:description\" content=\"Mlado ekstra devi\u0161ko olj\u010dno olje Bilini je tu! Obiranje 2022 je kon\u010dano in imamo mlado, sve\u017ee, fenomenalno olj\u010dno olje\" \/>\n<meta property=\"og:url\" content=\"https:\/\/opg-rakovac.hr\/sl\/blog\/oljcno-olje-bilini\/mlado-oljcno-olje-bilini-je-tu\/\" \/>\n<meta property=\"og:site_name\" content=\"OPG Rakovac\" \/>\n<meta property=\"article:publisher\" content=\"https:\/\/www.facebook.com\/Ekstra.djevicansko.maslinovo.ulje.Bilini\/\" \/>\n<meta property=\"article:published_time\" content=\"2022-11-11T08:42:27+00:00\" \/>\n<meta property=\"article:modified_time\" content=\"2024-11-07T16:12:35+00:00\" \/>\n<meta property=\"og:image\" content=\"https:\/\/opg-rakovac.hr\/wp-content\/uploads\/2022\/11\/mlado-ekstra-djevicansko-maslinovo-ulje-1.webp\" \/>\n\t<meta property=\"og:image:width\" content=\"707\" \/>\n\t<meta property=\"og:image:height\" content=\"707\" \/>\n\t<meta property=\"og:image:type\" content=\"image\/webp\" \/>\n<meta name=\"author\" content=\"Sa\u0161a\" \/>\n<meta name=\"twitter:card\" content=\"summary_large_image\" \/>\n<meta name=\"twitter:label1\" content=\"Written by\" \/>\n\t<meta name=\"twitter:data1\" content=\"Sa\u0161a\" \/>\n\t<meta name=\"twitter:label2\" content=\"Est. reading time\" \/>\n\t<meta name=\"twitter:data2\" content=\"6 minut\" \/>\n<script type=\"application\/ld+json\" class=\"yoast-schema-graph\">{\"@context\":\"https:\\\/\\\/schema.org\",\"@graph\":[{\"@type\":\"Article\",\"@id\":\"https:\\\/\\\/opg-rakovac.hr\\\/sl\\\/blog\\\/oljcno-olje-bilini\\\/mlado-oljcno-olje-bilini-je-tu\\\/#article\",\"isPartOf\":{\"@id\":\"https:\\\/\\\/opg-rakovac.hr\\\/sl\\\/blog\\\/oljcno-olje-bilini\\\/mlado-ekstra-devisko-oljcno-olje\\\/\"},\"author\":{\"name\":\"Sa\u0161a\",\"@id\":\"https:\\\/\\\/opg-rakovac.hr\\\/sl\\\/#\\\/schema\\\/person\\\/144d2cd7fe877474e322c4ffe1ea30d7\"},\"headline\":\"Mlado ekstra devi\u0161ko olj\u010dno olje Bilini (obiranje 2022)\",\"datePublished\":\"2022-11-11T08:42:27+00:00\",\"dateModified\":\"2024-11-07T16:12:35+00:00\",\"mainEntityOfPage\":{\"@id\":\"https:\\\/\\\/opg-rakovac.hr\\\/sl\\\/blog\\\/oljcno-olje-bilini\\\/mlado-ekstra-devisko-oljcno-olje\\\/\"},\"wordCount\":895,\"commentCount\":0,\"publisher\":{\"@id\":\"https:\\\/\\\/opg-rakovac.hr\\\/sl\\\/#organization\"},\"image\":{\"@id\":\"https:\\\/\\\/opg-rakovac.hr\\\/sl\\\/blog\\\/oljcno-olje-bilini\\\/mlado-oljcno-olje-bilini-je-tu\\\/#primaryimage\"},\"thumbnailUrl\":\"https:\\\/\\\/opg-rakovac.hr\\\/wp-content\\\/uploads\\\/2022\\\/11\\\/mlado-ekstra-djevicansko-maslinovo-ulje-1.webp\",\"keywords\":[\"mlado ekstra devi\u0161ko olj\u010dno olje\"],\"articleSection\":[\"Olj\u010dno olje Bilini\"],\"inLanguage\":\"sl-SI\",\"potentialAction\":[{\"@type\":\"CommentAction\",\"name\":\"Comment\",\"target\":[\"https:\\\/\\\/opg-rakovac.hr\\\/sl\\\/blog\\\/oljcno-olje-bilini\\\/mlado-oljcno-olje-bilini-je-tu\\\/#respond\"]}]},{\"@type\":\"WebPage\",\"@id\":\"https:\\\/\\\/opg-rakovac.hr\\\/sl\\\/blog\\\/oljcno-olje-bilini\\\/mlado-ekstra-devisko-oljcno-olje\\\/\",\"url\":\"https:\\\/\\\/opg-rakovac.hr\\\/sl\\\/blog\\\/oljcno-olje-bilini\\\/mlado-oljcno-olje-bilini-je-tu\\\/\",\"name\":\"Mlado ekstra devi\u0161ko olj\u010dno olje Bilini (obiranje 2022)\",\"isPartOf\":{\"@id\":\"https:\\\/\\\/opg-rakovac.hr\\\/sl\\\/#website\"},\"primaryImageOfPage\":{\"@id\":\"https:\\\/\\\/opg-rakovac.hr\\\/sl\\\/blog\\\/oljcno-olje-bilini\\\/mlado-oljcno-olje-bilini-je-tu\\\/#primaryimage\"},\"image\":{\"@id\":\"https:\\\/\\\/opg-rakovac.hr\\\/sl\\\/blog\\\/oljcno-olje-bilini\\\/mlado-oljcno-olje-bilini-je-tu\\\/#primaryimage\"},\"thumbnailUrl\":\"https:\\\/\\\/opg-rakovac.hr\\\/wp-content\\\/uploads\\\/2022\\\/11\\\/mlado-ekstra-djevicansko-maslinovo-ulje-1.webp\",\"datePublished\":\"2022-11-11T08:42:27+00:00\",\"dateModified\":\"2024-11-07T16:12:35+00:00\",\"description\":\"Mlado ekstra devi\u0161ko olj\u010dno olje Bilini je tu! Obiranje 2022 je kon\u010dano in imamo mlado, sve\u017ee, fenomenalno olj\u010dno olje\",\"breadcrumb\":{\"@id\":\"https:\\\/\\\/opg-rakovac.hr\\\/sl\\\/blog\\\/oljcno-olje-bilini\\\/mlado-oljcno-olje-bilini-je-tu\\\/#breadcrumb\"},\"inLanguage\":\"sl-SI\",\"potentialAction\":[{\"@type\":\"ReadAction\",\"target\":[\"https:\\\/\\\/opg-rakovac.hr\\\/sl\\\/blog\\\/oljcno-olje-bilini\\\/mlado-oljcno-olje-bilini-je-tu\\\/\"]}]},{\"@type\":\"ImageObject\",\"inLanguage\":\"sl-SI\",\"@id\":\"https:\\\/\\\/opg-rakovac.hr\\\/sl\\\/blog\\\/oljcno-olje-bilini\\\/mlado-oljcno-olje-bilini-je-tu\\\/#primaryimage\",\"url\":\"https:\\\/\\\/opg-rakovac.hr\\\/wp-content\\\/uploads\\\/2022\\\/11\\\/mlado-ekstra-djevicansko-maslinovo-ulje-1.webp\",\"contentUrl\":\"https:\\\/\\\/opg-rakovac.hr\\\/wp-content\\\/uploads\\\/2022\\\/11\\\/mlado-ekstra-djevicansko-maslinovo-ulje-1.webp\",\"width\":707,\"height\":707,\"caption\":\"mlado ekstra djevi\u010dansko maslinovo ulje\"},{\"@type\":\"BreadcrumbList\",\"@id\":\"https:\\\/\\\/opg-rakovac.hr\\\/sl\\\/blog\\\/oljcno-olje-bilini\\\/mlado-oljcno-olje-bilini-je-tu\\\/#breadcrumb\",\"itemListElement\":[{\"@type\":\"ListItem\",\"position\":1,\"name\":\"Domov\",\"item\":\"https:\\\/\\\/opg-rakovac.hr\\\/sl\\\/\"},{\"@type\":\"ListItem\",\"position\":2,\"name\":\"Mlado ekstra devi\u0161ko olj\u010dno olje Bilini (obiranje 2022)\"}]},{\"@type\":\"WebSite\",\"@id\":\"https:\\\/\\\/opg-rakovac.hr\\\/sl\\\/#website\",\"url\":\"https:\\\/\\\/opg-rakovac.hr\\\/sl\\\/\",\"name\":\"OPG Rakovac\",\"description\":\"Istarsko ekstra djevi\u010dansko maslinovo ulje Bilini\",\"publisher\":{\"@id\":\"https:\\\/\\\/opg-rakovac.hr\\\/sl\\\/#organization\"},\"inLanguage\":\"sl-SI\"},{\"@type\":\"Organization\",\"@id\":\"https:\\\/\\\/opg-rakovac.hr\\\/sl\\\/#organization\",\"name\":\"OPG Rakovac\",\"url\":\"https:\\\/\\\/opg-rakovac.hr\\\/sl\\\/\",\"logo\":{\"@type\":\"ImageObject\",\"inLanguage\":\"sl-SI\",\"@id\":\"https:\\\/\\\/opg-rakovac.hr\\\/sl\\\/#\\\/schema\\\/logo\\\/image\\\/\",\"url\":\"https:\\\/\\\/opg-rakovac.hr\\\/wp-content\\\/uploads\\\/2015\\\/12\\\/favicon.png\",\"contentUrl\":\"https:\\\/\\\/opg-rakovac.hr\\\/wp-content\\\/uploads\\\/2015\\\/12\\\/favicon.png\",\"width\":200,\"height\":200,\"caption\":\"OPG Rakovac\"},\"image\":{\"@id\":\"https:\\\/\\\/opg-rakovac.hr\\\/sl\\\/#\\\/schema\\\/logo\\\/image\\\/\"},\"sameAs\":[\"https:\\\/\\\/www.facebook.com\\\/Ekstra.djevicansko.maslinovo.ulje.Bilini\\\/\",\"https:\\\/\\\/www.instagram.com\\\/bilini_maslinovo_ulje\\\/\",\"https:\\\/\\\/hr.linkedin.com\\\/in\\\/bilini\",\"https:\\\/\\\/www.pinterest.com\\\/Bilini_OliveOil\\\/\",\"https:\\\/\\\/www.youtube.com\\\/channel\\\/UC7hfzAtwp1YOvhlmwNYkyQw\"]},{\"@type\":\"Person\",\"@id\":\"https:\\\/\\\/opg-rakovac.hr\\\/sl\\\/#\\\/schema\\\/person\\\/144d2cd7fe877474e322c4ffe1ea30d7\",\"name\":\"Sa\u0161a\",\"description\":\"Vedrana is the owner of our family farm. But I am sheer power! :) The guy who does all the physical work in olive groves with a little help of my friends (tractors). :)\",\"sameAs\":[\"https:\\\/\\\/opg-rakovac.hr\"],\"url\":\"https:\\\/\\\/opg-rakovac.hr\\\/sl\\\/author\\\/admin\\\/\"}]}<\/script>\n<!-- \/ Yoast SEO plugin. -->","yoast_head_json":{"title":"Mlado ekstra devi\u0161ko olj\u010dno olje Bilini (obiranje 2022)","description":"Mlado ekstra devi\u0161ko olj\u010dno olje Bilini je tu! Obiranje 2022 je kon\u010dano in imamo mlado, sve\u017ee, fenomenalno olj\u010dno olje","robots":{"index":"index","follow":"follow","max-snippet":"max-snippet:-1","max-image-preview":"max-image-preview:large","max-video-preview":"max-video-preview:-1"},"canonical":"https:\/\/opg-rakovac.hr\/sl\/blog\/oljcno-olje-bilini\/mlado-oljcno-olje-bilini-je-tu\/","og_locale":"sl_SI","og_type":"article","og_title":"Mlado ekstra devi\u0161ko olj\u010dno olje Bilini (obiranje 2022)","og_description":"Mlado ekstra devi\u0161ko olj\u010dno olje Bilini je tu! Obiranje 2022 je kon\u010dano in imamo mlado, sve\u017ee, fenomenalno olj\u010dno olje","og_url":"https:\/\/opg-rakovac.hr\/sl\/blog\/oljcno-olje-bilini\/mlado-oljcno-olje-bilini-je-tu\/","og_site_name":"OPG Rakovac","article_publisher":"https:\/\/www.facebook.com\/Ekstra.djevicansko.maslinovo.ulje.Bilini\/","article_published_time":"2022-11-11T08:42:27+00:00","article_modified_time":"2024-11-07T16:12:35+00:00","og_image":[{"width":707,"height":707,"url":"https:\/\/opg-rakovac.hr\/wp-content\/uploads\/2022\/11\/mlado-ekstra-djevicansko-maslinovo-ulje-1.webp","type":"image\/webp"}],"author":"Sa\u0161a","twitter_card":"summary_large_image","twitter_misc":{"Written by":"Sa\u0161a","Est. reading time":"6 minut"},"schema":{"@context":"https:\/\/schema.org","@graph":[{"@type":"Article","@id":"https:\/\/opg-rakovac.hr\/sl\/blog\/oljcno-olje-bilini\/mlado-oljcno-olje-bilini-je-tu\/#article","isPartOf":{"@id":"https:\/\/opg-rakovac.hr\/sl\/blog\/oljcno-olje-bilini\/mlado-ekstra-devisko-oljcno-olje\/"},"author":{"name":"Sa\u0161a","@id":"https:\/\/opg-rakovac.hr\/sl\/#\/schema\/person\/144d2cd7fe877474e322c4ffe1ea30d7"},"headline":"Mlado ekstra devi\u0161ko olj\u010dno olje Bilini (obiranje 2022)","datePublished":"2022-11-11T08:42:27+00:00","dateModified":"2024-11-07T16:12:35+00:00","mainEntityOfPage":{"@id":"https:\/\/opg-rakovac.hr\/sl\/blog\/oljcno-olje-bilini\/mlado-ekstra-devisko-oljcno-olje\/"},"wordCount":895,"commentCount":0,"publisher":{"@id":"https:\/\/opg-rakovac.hr\/sl\/#organization"},"image":{"@id":"https:\/\/opg-rakovac.hr\/sl\/blog\/oljcno-olje-bilini\/mlado-oljcno-olje-bilini-je-tu\/#primaryimage"},"thumbnailUrl":"https:\/\/opg-rakovac.hr\/wp-content\/uploads\/2022\/11\/mlado-ekstra-djevicansko-maslinovo-ulje-1.webp","keywords":["mlado ekstra devi\u0161ko olj\u010dno olje"],"articleSection":["Olj\u010dno olje Bilini"],"inLanguage":"sl-SI","potentialAction":[{"@type":"CommentAction","name":"Comment","target":["https:\/\/opg-rakovac.hr\/sl\/blog\/oljcno-olje-bilini\/mlado-oljcno-olje-bilini-je-tu\/#respond"]}]},{"@type":"WebPage","@id":"https:\/\/opg-rakovac.hr\/sl\/blog\/oljcno-olje-bilini\/mlado-ekstra-devisko-oljcno-olje\/","url":"https:\/\/opg-rakovac.hr\/sl\/blog\/oljcno-olje-bilini\/mlado-oljcno-olje-bilini-je-tu\/","name":"Mlado ekstra devi\u0161ko olj\u010dno olje Bilini (obiranje 2022)","isPartOf":{"@id":"https:\/\/opg-rakovac.hr\/sl\/#website"},"primaryImageOfPage":{"@id":"https:\/\/opg-rakovac.hr\/sl\/blog\/oljcno-olje-bilini\/mlado-oljcno-olje-bilini-je-tu\/#primaryimage"},"image":{"@id":"https:\/\/opg-rakovac.hr\/sl\/blog\/oljcno-olje-bilini\/mlado-oljcno-olje-bilini-je-tu\/#primaryimage"},"thumbnailUrl":"https:\/\/opg-rakovac.hr\/wp-content\/uploads\/2022\/11\/mlado-ekstra-djevicansko-maslinovo-ulje-1.webp","datePublished":"2022-11-11T08:42:27+00:00","dateModified":"2024-11-07T16:12:35+00:00","description":"Mlado ekstra devi\u0161ko olj\u010dno olje Bilini je tu! Obiranje 2022 je kon\u010dano in imamo mlado, sve\u017ee, fenomenalno olj\u010dno olje","breadcrumb":{"@id":"https:\/\/opg-rakovac.hr\/sl\/blog\/oljcno-olje-bilini\/mlado-oljcno-olje-bilini-je-tu\/#breadcrumb"},"inLanguage":"sl-SI","potentialAction":[{"@type":"ReadAction","target":["https:\/\/opg-rakovac.hr\/sl\/blog\/oljcno-olje-bilini\/mlado-oljcno-olje-bilini-je-tu\/"]}]},{"@type":"ImageObject","inLanguage":"sl-SI","@id":"https:\/\/opg-rakovac.hr\/sl\/blog\/oljcno-olje-bilini\/mlado-oljcno-olje-bilini-je-tu\/#primaryimage","url":"https:\/\/opg-rakovac.hr\/wp-content\/uploads\/2022\/11\/mlado-ekstra-djevicansko-maslinovo-ulje-1.webp","contentUrl":"https:\/\/opg-rakovac.hr\/wp-content\/uploads\/2022\/11\/mlado-ekstra-djevicansko-maslinovo-ulje-1.webp","width":707,"height":707,"caption":"mlado ekstra djevi\u010dansko maslinovo ulje"},{"@type":"BreadcrumbList","@id":"https:\/\/opg-rakovac.hr\/sl\/blog\/oljcno-olje-bilini\/mlado-oljcno-olje-bilini-je-tu\/#breadcrumb","itemListElement":[{"@type":"ListItem","position":1,"name":"Domov","item":"https:\/\/opg-rakovac.hr\/sl\/"},{"@type":"ListItem","position":2,"name":"Mlado ekstra devi\u0161ko olj\u010dno olje Bilini (obiranje 2022)"}]},{"@type":"WebSite","@id":"https:\/\/opg-rakovac.hr\/sl\/#website","url":"https:\/\/opg-rakovac.hr\/sl\/","name":"OPG Rakovac","description":"Istarsko ekstra djevi\u010dansko maslinovo ulje Bilini","publisher":{"@id":"https:\/\/opg-rakovac.hr\/sl\/#organization"},"inLanguage":"sl-SI"},{"@type":"Organization","@id":"https:\/\/opg-rakovac.hr\/sl\/#organization","name":"OPG Rakovac","url":"https:\/\/opg-rakovac.hr\/sl\/","logo":{"@type":"ImageObject","inLanguage":"sl-SI","@id":"https:\/\/opg-rakovac.hr\/sl\/#\/schema\/logo\/image\/","url":"https:\/\/opg-rakovac.hr\/wp-content\/uploads\/2015\/12\/favicon.png","contentUrl":"https:\/\/opg-rakovac.hr\/wp-content\/uploads\/2015\/12\/favicon.png","width":200,"height":200,"caption":"OPG Rakovac"},"image":{"@id":"https:\/\/opg-rakovac.hr\/sl\/#\/schema\/logo\/image\/"},"sameAs":["https:\/\/www.facebook.com\/Ekstra.djevicansko.maslinovo.ulje.Bilini\/","https:\/\/www.instagram.com\/bilini_maslinovo_ulje\/","https:\/\/hr.linkedin.com\/in\/bilini","https:\/\/www.pinterest.com\/Bilini_OliveOil\/","https:\/\/www.youtube.com\/channel\/UC7hfzAtwp1YOvhlmwNYkyQw"]},{"@type":"Person","@id":"https:\/\/opg-rakovac.hr\/sl\/#\/schema\/person\/144d2cd7fe877474e322c4ffe1ea30d7","name":"Sa\u0161a","description":"Vedrana is the owner of our family farm. But I am sheer power! :) The guy who does all the physical work in olive groves with a little help of my friends (tractors). :)","sameAs":["https:\/\/opg-rakovac.hr"],"url":"https:\/\/opg-rakovac.hr\/sl\/author\/admin\/"}]}},"_links":{"self":[{"href":"https:\/\/opg-rakovac.hr\/sl\/wp-json\/wp\/v2\/posts\/18177","targetHints":{"allow":["GET"]}}],"collection":[{"href":"https:\/\/opg-rakovac.hr\/sl\/wp-json\/wp\/v2\/posts"}],"about":[{"href":"https:\/\/opg-rakovac.hr\/sl\/wp-json\/wp\/v2\/types\/post"}],"author":[{"embeddable":true,"href":"https:\/\/opg-rakovac.hr\/sl\/wp-json\/wp\/v2\/users\/1"}],"replies":[{"embeddable":true,"href":"https:\/\/opg-rakovac.hr\/sl\/wp-json\/wp\/v2\/comments?post=18177"}],"version-history":[{"count":1,"href":"https:\/\/opg-rakovac.hr\/sl\/wp-json\/wp\/v2\/posts\/18177\/revisions"}],"predecessor-version":[{"id":18183,"href":"https:\/\/opg-rakovac.hr\/sl\/wp-json\/wp\/v2\/posts\/18177\/revisions\/18183"}],"wp:featuredmedia":[{"embeddable":true,"href":"https:\/\/opg-rakovac.hr\/sl\/wp-json\/wp\/v2\/media\/17038"}],"wp:attachment":[{"href":"https:\/\/opg-rakovac.hr\/sl\/wp-json\/wp\/v2\/media?parent=18177"}],"wp:term":[{"taxonomy":"category","embeddable":true,"href":"https:\/\/opg-rakovac.hr\/sl\/wp-json\/wp\/v2\/categories?post=18177"},{"taxonomy":"post_tag","embeddable":true,"href":"https:\/\/opg-rakovac.hr\/sl\/wp-json\/wp\/v2\/tags?post=18177"}],"curies":[{"name":"wp","href":"https:\/\/api.w.org\/{rel}","templated":true}]}}