{"id":14284,"date":"2021-01-15T18:58:07","date_gmt":"2021-01-15T18:58:07","guid":{"rendered":"https:\/\/opg-rakovac.hr\/?p=14284"},"modified":"2021-01-15T18:58:07","modified_gmt":"2021-01-15T18:58:07","slug":"oljcno-olje-v-plocevinki","status":"publish","type":"post","link":"https:\/\/opg-rakovac.hr\/sl\/blog\/oljcno-olje-bilini\/oljcno-olje-v-plocevinki\/","title":{"rendered":"Novo leto &#8211; nova embala\u017ea: Bilini olj\u010dno olje v 1L plo\u010devinki"},"content":{"rendered":"<p>Sre\u010dno novo leto! Veliko ljudi misli, da ne bo te\u017eko, da bo leto 2021 bolj\u0161e od leta 2020. ? Resno pa si vsi \u017eelimo, da se ta neumna pandemija kon\u010da in da se vsi vrnemo k obi\u010dajnemu \u017eivljenju in pozabimo na no\u0161enje mask v trgovinah. ?<\/p>\n<p>V novo leto smo vstopili z novo embala\u017eo na\u0161ega ekstra devi\u0161kega olj\u010dnega olja Bilini. Predstavili smo 1-litrsko embala\u017eo v plo\u010devinki ?<\/p>\n<figure id=\"attachment_14213\" aria-describedby=\"caption-attachment-14213\" style=\"width: 300px\" class=\"wp-caption aligncenter\"><a href=\"https:\/\/opg-rakovac.hr\/wp-content\/uploads\/2021\/01\/maslinovo-ulje-u-limenci-1L-scaled-e1609925763999.jpg\" class=\"fancybox\"><img decoding=\"async\" class=\"wp-image-14213 size-medium\" title=\"olj\u010dno olje v plo\u010devinki\" src=\"https:\/\/opg-rakovac.hr\/wp-content\/uploads\/2021\/01\/maslinovo-ulje-u-limenci-1L-300x222.jpg\" alt=\"olj\u010dno olje v plo\u010devinki\" width=\"300\" height=\"222\" srcset=\"https:\/\/opg-rakovac.hr\/wp-content\/uploads\/2021\/01\/maslinovo-ulje-u-limenci-1L-300x222.jpg 300w, https:\/\/opg-rakovac.hr\/wp-content\/uploads\/2021\/01\/maslinovo-ulje-u-limenci-1L-1024x759.jpg 1024w, https:\/\/opg-rakovac.hr\/wp-content\/uploads\/2021\/01\/maslinovo-ulje-u-limenci-1L-768x569.jpg 768w, https:\/\/opg-rakovac.hr\/wp-content\/uploads\/2021\/01\/maslinovo-ulje-u-limenci-1L-1536x1138.jpg 1536w, https:\/\/opg-rakovac.hr\/wp-content\/uploads\/2021\/01\/maslinovo-ulje-u-limenci-1L-2048x1517.jpg 2048w, https:\/\/opg-rakovac.hr\/wp-content\/uploads\/2021\/01\/maslinovo-ulje-u-limenci-1L-365x270.jpg 365w, https:\/\/opg-rakovac.hr\/wp-content\/uploads\/2021\/01\/maslinovo-ulje-u-limenci-1L-1080x800.jpg 1080w, https:\/\/opg-rakovac.hr\/wp-content\/uploads\/2021\/01\/maslinovo-ulje-u-limenci-1L-230x170.jpg 230w, https:\/\/opg-rakovac.hr\/wp-content\/uploads\/2021\/01\/maslinovo-ulje-u-limenci-1L-810x600.jpg 810w, https:\/\/opg-rakovac.hr\/wp-content\/uploads\/2021\/01\/maslinovo-ulje-u-limenci-1L-857x635.jpg 857w, https:\/\/opg-rakovac.hr\/wp-content\/uploads\/2021\/01\/maslinovo-ulje-u-limenci-1L-324x240.jpg 324w, https:\/\/opg-rakovac.hr\/wp-content\/uploads\/2021\/01\/maslinovo-ulje-u-limenci-1L-416x308.jpg 416w, https:\/\/opg-rakovac.hr\/wp-content\/uploads\/2021\/01\/maslinovo-ulje-u-limenci-1L-81x60.jpg 81w, https:\/\/opg-rakovac.hr\/wp-content\/uploads\/2021\/01\/maslinovo-ulje-u-limenci-1L-121x90.jpg 121w\" sizes=\"(max-width: 300px) 100vw, 300px\" \/><\/a><figcaption id=\"caption-attachment-14213\" class=\"wp-caption-text\">Olj\u010dno olje Bilini v plo\u010devinki 1l<\/figcaption><\/figure>\n<h2 class=\"section-header\" class=\"section-header\">Olj\u010dno olje v plo\u010devinki<\/h2>\n<p>Olj\u010dno olje \u017ee desetletja uspe\u0161no pakirajo v plo\u010devinke. Za to obstajata dva razloga:<\/p>\n<ol>\n<li>Za ve\u010djo za\u0161\u010dito izdelka med prevozom (pri plo\u010devinkah se bo veliko manj verjetno razbila pri dostavi v primerjavi s stekleno ali plasti\u010dno steklenico);<\/li>\n<li>Zagotavlja dolgotrajnost ohranjanja pozitivnih kemijskih in organolepti\u010dnih lastnosti olj\u010dnega olja.<\/li>\n<\/ol>\n<p>Sodobna kovinska embala\u017ea za \u017eivila vsebuje poseben za\u0161\u010ditni pokrov na osnovi kositra, ki prepre\u010duje elektrokemi\u010dne reakcije z \u017eivili in korozijo. Zaradi tega je mogo\u010de ekstra devi\u0161ko olj\u010dno olje hraniti v plo\u010devinki do samega roka uporabnosti olja, ki je obi\u010dajno <a href=\"https:\/\/modna.si\/ali-se-lahko-olivno-olje-pokvari\/\">v 18-24 mesecih od proizvodnje<\/a>.<\/p>\n<p>Seveda morate vedno upo\u0161tevati splo\u0161na priporo\u010dila za ustrezno konzerviranje olj\u010dnega olja, ne glede na na\u010din pakiranja:<\/p>\n<ul>\n<li>Steklenico ali plo\u010devinko z olj\u010dnim oljem hranite v sobi s temperaturo, ki po mo\u017enosti ne presega 20 \u00b0 C ali ni\u017eja od 10 \u00b0 C.<\/li>\n<li>Embala\u017eo z olj\u010dnim oljem hranite pro\u010d od son\u010dne svetlobe.<\/li>\n<\/ul>\n<div class=\"cta-link animate animate--sm\">\n\t<div class=\"btn-wrapper text-center\">\n\t\t<a href=\"https:\/\/opg-rakovac.hr\/sl\/shop\/\" class=\"btn btn-primary\">\n\t\t\tNARO\u010cITE OLJ\u010cNO OLJE BILINI!\t\t<\/a>\n\t<\/div>\n<\/div>\n<h2 class=\"section-header\" class=\"section-header\">Opis na\u0161e nove embala\u017ee<\/h2>\n<p>Na\u0161a Vedrana je copywriter za opis na\u0161e nove 1-litrske embala\u017ee iz plo\u010devinke:<\/p>\n<blockquote><p>Za svetovne popotnike in ljubitelje iz oddaljenih de\u017eel. Teko\u010de zlato istrskih olj\u010dnih nasadov je pripravljeno dose\u010di, kamor koli ga potrebujete. Kot se pogosto zgodi, trden oklep skriva v sebi tisto najbolj dragoceno. Za\u0161\u010dita, da kilometri ne morejo ni\u010d, je zagotovilo, da lahko nekatere povezave na dolge razdalje trajajo ve\u010dno.<\/p><\/blockquote>\n<p>&#8230; da ne pozabimo, tu je tudi tehni\u010dni opis:<\/p>\n<blockquote><p>Ekstra devi\u0161ko olivno olje v litrski plo\u010devinki s plasti\u010dno kapico. Kositrna embala\u017ea za prehrambene izdelke je primerna za trajno skladi\u0161\u010denje vrhunskih ekstra devi\u0161kih olj\u010dnih olj. Prepre\u010duje vpliv svetlobe na izdelek in skupaj s shranjevanjem pri primerni temperaturi prispeva k dolgotrajni nespremenljivosti organolepti\u010dnih lastnosti.<\/p><\/blockquote>\n<p>Olj\u010dno olje Bilini v plo\u010devinkah po 1 liter je \u017ee na voljo za nakup <a href=\"https:\/\/opg-rakovac.hr\/sl\/shop\/\">v na\u0161i spletni trgovini<\/a>. Klikni spodaj, poglej naokoli in &#8211; \u010de \u017eeli\u0161 okusiti \u010dudovito ekstra devi\u0161ko olj\u010dno olje &#8211; oddaj svoje naro\u010dilo ?<\/p>\n<p><a href=\"https:\/\/opg-rakovac.hr\/sl\/izdelek\/oljcno-olje-bilini-1l-v-plocevinki\/\"><img decoding=\"async\" class=\"aligncenter wp-image-14288 size-full\" src=\"https:\/\/opg-rakovac.hr\/wp-content\/uploads\/2021\/01\/oljcno-olje-v-plocevinki-1.png\" alt=\"olj\u010dno olje v plo\u010devinki\" width=\"986\" height=\"590\" srcset=\"https:\/\/opg-rakovac.hr\/wp-content\/uploads\/2021\/01\/oljcno-olje-v-plocevinki-1.png 986w, https:\/\/opg-rakovac.hr\/wp-content\/uploads\/2021\/01\/oljcno-olje-v-plocevinki-1-300x180.png 300w, https:\/\/opg-rakovac.hr\/wp-content\/uploads\/2021\/01\/oljcno-olje-v-plocevinki-1-768x460.png 768w, https:\/\/opg-rakovac.hr\/wp-content\/uploads\/2021\/01\/oljcno-olje-v-plocevinki-1-230x138.png 230w, https:\/\/opg-rakovac.hr\/wp-content\/uploads\/2021\/01\/oljcno-olje-v-plocevinki-1-324x194.png 324w, https:\/\/opg-rakovac.hr\/wp-content\/uploads\/2021\/01\/oljcno-olje-v-plocevinki-1-416x249.png 416w, https:\/\/opg-rakovac.hr\/wp-content\/uploads\/2021\/01\/oljcno-olje-v-plocevinki-1-100x60.png 100w, https:\/\/opg-rakovac.hr\/wp-content\/uploads\/2021\/01\/oljcno-olje-v-plocevinki-1-150x90.png 150w\" sizes=\"(max-width: 986px) 100vw, 986px\" \/><\/a><\/p>\n","protected":false},"excerpt":{"rendered":"<p>Sre\u010dno novo leto! Veliko ljudi misli, da ne bo te\u017eko, da bo leto 2021 bolj\u0161e od leta 2020. ? Resno pa si vsi \u017eelimo, da se ta neumna pandemija kon\u010da in da se vsi vrnemo k obi\u010dajnemu \u017eivljenju in pozabimo na no\u0161enje mask v trgovinah. ? V novo leto smo vstopili z novo embala\u017eo na\u0161ega [&hellip;]<\/p>\n","protected":false},"author":1,"featured_media":14213,"comment_status":"open","ping_status":"closed","sticky":false,"template":"","format":"standard","meta":{"_acf_changed":false,"h5ap_radio_sources":[],"footnotes":""},"categories":[557],"tags":[1077,1075,1076],"class_list":["post-14284","post","type-post","status-publish","format-standard","has-post-thumbnail","hentry","category-oljcno-olje-bilini","tag-1l-sl","tag-oljcno-olje-v-plocevinki","tag-plocevinka"],"acf":[],"yoast_head":"<!-- This site is optimized with the Yoast SEO plugin v27.4 - https:\/\/yoast.com\/product\/yoast-seo-wordpress\/ -->\n<title>Ekstra devi\u0161ko olj\u010dno olje v plo\u010devinki - nova embala\u017ea Bilini 1l<\/title>\n<meta name=\"description\" content=\"V novo leto smo vstopili z novo embala\u017eo na\u0161ega olj\u010dnega olja Bilini. Predstavili smo olj\u010dno olje v plo\u010devinki: 1-litrsko embala\u017eo\" \/>\n<meta name=\"robots\" content=\"index, follow, max-snippet:-1, max-image-preview:large, max-video-preview:-1\" \/>\n<link rel=\"canonical\" href=\"https:\/\/opg-rakovac.hr\/sl\/blog\/oljcno-olje-bilini\/oljcno-olje-v-plocevinki\/\" \/>\n<meta property=\"og:locale\" content=\"sl_SI\" \/>\n<meta property=\"og:type\" content=\"article\" \/>\n<meta property=\"og:title\" content=\"Ekstra devi\u0161ko olj\u010dno olje v plo\u010devinki - nova embala\u017ea Bilini 1l\" \/>\n<meta property=\"og:description\" content=\"V novo leto smo vstopili z novo embala\u017eo na\u0161ega olj\u010dnega olja Bilini. Predstavili smo olj\u010dno olje v plo\u010devinki: 1-litrsko embala\u017eo\" \/>\n<meta property=\"og:url\" content=\"https:\/\/opg-rakovac.hr\/sl\/blog\/oljcno-olje-bilini\/oljcno-olje-v-plocevinki\/\" \/>\n<meta property=\"og:site_name\" content=\"OPG Rakovac\" \/>\n<meta property=\"article:publisher\" content=\"https:\/\/www.facebook.com\/Ekstra.djevicansko.maslinovo.ulje.Bilini\/\" \/>\n<meta property=\"article:published_time\" content=\"2021-01-15T18:58:07+00:00\" \/>\n<meta property=\"og:image\" content=\"https:\/\/opg-rakovac.hr\/wp-content\/uploads\/2021\/01\/maslinovo-ulje-u-limenci-1L-scaled-e1609925763999.jpg\" \/>\n\t<meta property=\"og:image:width\" content=\"2560\" \/>\n\t<meta property=\"og:image:height\" content=\"1896\" \/>\n\t<meta property=\"og:image:type\" content=\"image\/jpeg\" \/>\n<meta name=\"author\" content=\"Sa\u0161a\" \/>\n<meta name=\"twitter:card\" content=\"summary_large_image\" \/>\n<meta name=\"twitter:label1\" content=\"Written by\" \/>\n\t<meta name=\"twitter:data1\" content=\"Sa\u0161a\" \/>\n\t<meta name=\"twitter:label2\" content=\"Est. reading time\" \/>\n\t<meta name=\"twitter:data2\" content=\"3 minute\" \/>\n<script type=\"application\/ld+json\" class=\"yoast-schema-graph\">{\"@context\":\"https:\\\/\\\/schema.org\",\"@graph\":[{\"@type\":\"Article\",\"@id\":\"https:\\\/\\\/opg-rakovac.hr\\\/sl\\\/blog\\\/oljcno-olje-bilini\\\/oljcno-olje-v-plocevinki\\\/#article\",\"isPartOf\":{\"@id\":\"https:\\\/\\\/opg-rakovac.hr\\\/sl\\\/blog\\\/oljcno-olje-bilini\\\/oljcno-olje-v-plocevinki\\\/\"},\"author\":{\"name\":\"Sa\u0161a\",\"@id\":\"https:\\\/\\\/opg-rakovac.hr\\\/sl\\\/#\\\/schema\\\/person\\\/144d2cd7fe877474e322c4ffe1ea30d7\"},\"headline\":\"Novo leto &#8211; nova embala\u017ea: Bilini olj\u010dno olje v 1L plo\u010devinki\",\"datePublished\":\"2021-01-15T18:58:07+00:00\",\"mainEntityOfPage\":{\"@id\":\"https:\\\/\\\/opg-rakovac.hr\\\/sl\\\/blog\\\/oljcno-olje-bilini\\\/oljcno-olje-v-plocevinki\\\/\"},\"wordCount\":455,\"commentCount\":0,\"publisher\":{\"@id\":\"https:\\\/\\\/opg-rakovac.hr\\\/sl\\\/#organization\"},\"image\":{\"@id\":\"https:\\\/\\\/opg-rakovac.hr\\\/sl\\\/blog\\\/oljcno-olje-bilini\\\/oljcno-olje-v-plocevinki\\\/#primaryimage\"},\"thumbnailUrl\":\"https:\\\/\\\/opg-rakovac.hr\\\/wp-content\\\/uploads\\\/2021\\\/01\\\/maslinovo-ulje-u-limenci-1L-scaled-e1609925763999.jpg\",\"keywords\":[\"1L\",\"olj\u010dno olje v plo\u010devinki\",\"plo\u010devinka\"],\"articleSection\":[\"Olj\u010dno olje Bilini\"],\"inLanguage\":\"sl-SI\",\"potentialAction\":[{\"@type\":\"CommentAction\",\"name\":\"Comment\",\"target\":[\"https:\\\/\\\/opg-rakovac.hr\\\/sl\\\/blog\\\/oljcno-olje-bilini\\\/oljcno-olje-v-plocevinki\\\/#respond\"]}]},{\"@type\":\"WebPage\",\"@id\":\"https:\\\/\\\/opg-rakovac.hr\\\/sl\\\/blog\\\/oljcno-olje-bilini\\\/oljcno-olje-v-plocevinki\\\/\",\"url\":\"https:\\\/\\\/opg-rakovac.hr\\\/sl\\\/blog\\\/oljcno-olje-bilini\\\/oljcno-olje-v-plocevinki\\\/\",\"name\":\"Ekstra devi\u0161ko olj\u010dno olje v plo\u010devinki - nova embala\u017ea Bilini 1l\",\"isPartOf\":{\"@id\":\"https:\\\/\\\/opg-rakovac.hr\\\/sl\\\/#website\"},\"primaryImageOfPage\":{\"@id\":\"https:\\\/\\\/opg-rakovac.hr\\\/sl\\\/blog\\\/oljcno-olje-bilini\\\/oljcno-olje-v-plocevinki\\\/#primaryimage\"},\"image\":{\"@id\":\"https:\\\/\\\/opg-rakovac.hr\\\/sl\\\/blog\\\/oljcno-olje-bilini\\\/oljcno-olje-v-plocevinki\\\/#primaryimage\"},\"thumbnailUrl\":\"https:\\\/\\\/opg-rakovac.hr\\\/wp-content\\\/uploads\\\/2021\\\/01\\\/maslinovo-ulje-u-limenci-1L-scaled-e1609925763999.jpg\",\"datePublished\":\"2021-01-15T18:58:07+00:00\",\"description\":\"V novo leto smo vstopili z novo embala\u017eo na\u0161ega olj\u010dnega olja Bilini. Predstavili smo olj\u010dno olje v plo\u010devinki: 1-litrsko embala\u017eo\",\"breadcrumb\":{\"@id\":\"https:\\\/\\\/opg-rakovac.hr\\\/sl\\\/blog\\\/oljcno-olje-bilini\\\/oljcno-olje-v-plocevinki\\\/#breadcrumb\"},\"inLanguage\":\"sl-SI\",\"potentialAction\":[{\"@type\":\"ReadAction\",\"target\":[\"https:\\\/\\\/opg-rakovac.hr\\\/sl\\\/blog\\\/oljcno-olje-bilini\\\/oljcno-olje-v-plocevinki\\\/\"]}]},{\"@type\":\"ImageObject\",\"inLanguage\":\"sl-SI\",\"@id\":\"https:\\\/\\\/opg-rakovac.hr\\\/sl\\\/blog\\\/oljcno-olje-bilini\\\/oljcno-olje-v-plocevinki\\\/#primaryimage\",\"url\":\"https:\\\/\\\/opg-rakovac.hr\\\/wp-content\\\/uploads\\\/2021\\\/01\\\/maslinovo-ulje-u-limenci-1L-scaled-e1609925763999.jpg\",\"contentUrl\":\"https:\\\/\\\/opg-rakovac.hr\\\/wp-content\\\/uploads\\\/2021\\\/01\\\/maslinovo-ulje-u-limenci-1L-scaled-e1609925763999.jpg\",\"width\":2560,\"height\":1896,\"caption\":\"maslinovo ulje u limenci 1L\"},{\"@type\":\"BreadcrumbList\",\"@id\":\"https:\\\/\\\/opg-rakovac.hr\\\/sl\\\/blog\\\/oljcno-olje-bilini\\\/oljcno-olje-v-plocevinki\\\/#breadcrumb\",\"itemListElement\":[{\"@type\":\"ListItem\",\"position\":1,\"name\":\"Domov\",\"item\":\"https:\\\/\\\/opg-rakovac.hr\\\/sl\\\/\"},{\"@type\":\"ListItem\",\"position\":2,\"name\":\"Novo leto &#8211; nova embala\u017ea: Bilini olj\u010dno olje v 1L plo\u010devinki\"}]},{\"@type\":\"WebSite\",\"@id\":\"https:\\\/\\\/opg-rakovac.hr\\\/sl\\\/#website\",\"url\":\"https:\\\/\\\/opg-rakovac.hr\\\/sl\\\/\",\"name\":\"OPG Rakovac\",\"description\":\"Istarsko ekstra djevi\u010dansko maslinovo ulje Bilini\",\"publisher\":{\"@id\":\"https:\\\/\\\/opg-rakovac.hr\\\/sl\\\/#organization\"},\"inLanguage\":\"sl-SI\"},{\"@type\":\"Organization\",\"@id\":\"https:\\\/\\\/opg-rakovac.hr\\\/sl\\\/#organization\",\"name\":\"OPG Rakovac\",\"url\":\"https:\\\/\\\/opg-rakovac.hr\\\/sl\\\/\",\"logo\":{\"@type\":\"ImageObject\",\"inLanguage\":\"sl-SI\",\"@id\":\"https:\\\/\\\/opg-rakovac.hr\\\/sl\\\/#\\\/schema\\\/logo\\\/image\\\/\",\"url\":\"https:\\\/\\\/opg-rakovac.hr\\\/wp-content\\\/uploads\\\/2015\\\/12\\\/favicon.png\",\"contentUrl\":\"https:\\\/\\\/opg-rakovac.hr\\\/wp-content\\\/uploads\\\/2015\\\/12\\\/favicon.png\",\"width\":200,\"height\":200,\"caption\":\"OPG Rakovac\"},\"image\":{\"@id\":\"https:\\\/\\\/opg-rakovac.hr\\\/sl\\\/#\\\/schema\\\/logo\\\/image\\\/\"},\"sameAs\":[\"https:\\\/\\\/www.facebook.com\\\/Ekstra.djevicansko.maslinovo.ulje.Bilini\\\/\",\"https:\\\/\\\/www.instagram.com\\\/bilini_maslinovo_ulje\\\/\",\"https:\\\/\\\/hr.linkedin.com\\\/in\\\/bilini\",\"https:\\\/\\\/www.pinterest.com\\\/Bilini_OliveOil\\\/\",\"https:\\\/\\\/www.youtube.com\\\/channel\\\/UC7hfzAtwp1YOvhlmwNYkyQw\"]},{\"@type\":\"Person\",\"@id\":\"https:\\\/\\\/opg-rakovac.hr\\\/sl\\\/#\\\/schema\\\/person\\\/144d2cd7fe877474e322c4ffe1ea30d7\",\"name\":\"Sa\u0161a\",\"description\":\"Vedrana is the owner of our family farm. But I am sheer power! :) The guy who does all the physical work in olive groves with a little help of my friends (tractors). :)\",\"sameAs\":[\"https:\\\/\\\/opg-rakovac.hr\"],\"url\":\"https:\\\/\\\/opg-rakovac.hr\\\/sl\\\/author\\\/admin\\\/\"}]}<\/script>\n<!-- \/ Yoast SEO plugin. -->","yoast_head_json":{"title":"Ekstra devi\u0161ko olj\u010dno olje v plo\u010devinki - nova embala\u017ea Bilini 1l","description":"V novo leto smo vstopili z novo embala\u017eo na\u0161ega olj\u010dnega olja Bilini. Predstavili smo olj\u010dno olje v plo\u010devinki: 1-litrsko embala\u017eo","robots":{"index":"index","follow":"follow","max-snippet":"max-snippet:-1","max-image-preview":"max-image-preview:large","max-video-preview":"max-video-preview:-1"},"canonical":"https:\/\/opg-rakovac.hr\/sl\/blog\/oljcno-olje-bilini\/oljcno-olje-v-plocevinki\/","og_locale":"sl_SI","og_type":"article","og_title":"Ekstra devi\u0161ko olj\u010dno olje v plo\u010devinki - nova embala\u017ea Bilini 1l","og_description":"V novo leto smo vstopili z novo embala\u017eo na\u0161ega olj\u010dnega olja Bilini. Predstavili smo olj\u010dno olje v plo\u010devinki: 1-litrsko embala\u017eo","og_url":"https:\/\/opg-rakovac.hr\/sl\/blog\/oljcno-olje-bilini\/oljcno-olje-v-plocevinki\/","og_site_name":"OPG Rakovac","article_publisher":"https:\/\/www.facebook.com\/Ekstra.djevicansko.maslinovo.ulje.Bilini\/","article_published_time":"2021-01-15T18:58:07+00:00","og_image":[{"width":2560,"height":1896,"url":"https:\/\/opg-rakovac.hr\/wp-content\/uploads\/2021\/01\/maslinovo-ulje-u-limenci-1L-scaled-e1609925763999.jpg","type":"image\/jpeg"}],"author":"Sa\u0161a","twitter_card":"summary_large_image","twitter_misc":{"Written by":"Sa\u0161a","Est. reading time":"3 minute"},"schema":{"@context":"https:\/\/schema.org","@graph":[{"@type":"Article","@id":"https:\/\/opg-rakovac.hr\/sl\/blog\/oljcno-olje-bilini\/oljcno-olje-v-plocevinki\/#article","isPartOf":{"@id":"https:\/\/opg-rakovac.hr\/sl\/blog\/oljcno-olje-bilini\/oljcno-olje-v-plocevinki\/"},"author":{"name":"Sa\u0161a","@id":"https:\/\/opg-rakovac.hr\/sl\/#\/schema\/person\/144d2cd7fe877474e322c4ffe1ea30d7"},"headline":"Novo leto &#8211; nova embala\u017ea: Bilini olj\u010dno olje v 1L plo\u010devinki","datePublished":"2021-01-15T18:58:07+00:00","mainEntityOfPage":{"@id":"https:\/\/opg-rakovac.hr\/sl\/blog\/oljcno-olje-bilini\/oljcno-olje-v-plocevinki\/"},"wordCount":455,"commentCount":0,"publisher":{"@id":"https:\/\/opg-rakovac.hr\/sl\/#organization"},"image":{"@id":"https:\/\/opg-rakovac.hr\/sl\/blog\/oljcno-olje-bilini\/oljcno-olje-v-plocevinki\/#primaryimage"},"thumbnailUrl":"https:\/\/opg-rakovac.hr\/wp-content\/uploads\/2021\/01\/maslinovo-ulje-u-limenci-1L-scaled-e1609925763999.jpg","keywords":["1L","olj\u010dno olje v plo\u010devinki","plo\u010devinka"],"articleSection":["Olj\u010dno olje Bilini"],"inLanguage":"sl-SI","potentialAction":[{"@type":"CommentAction","name":"Comment","target":["https:\/\/opg-rakovac.hr\/sl\/blog\/oljcno-olje-bilini\/oljcno-olje-v-plocevinki\/#respond"]}]},{"@type":"WebPage","@id":"https:\/\/opg-rakovac.hr\/sl\/blog\/oljcno-olje-bilini\/oljcno-olje-v-plocevinki\/","url":"https:\/\/opg-rakovac.hr\/sl\/blog\/oljcno-olje-bilini\/oljcno-olje-v-plocevinki\/","name":"Ekstra devi\u0161ko olj\u010dno olje v plo\u010devinki - nova embala\u017ea Bilini 1l","isPartOf":{"@id":"https:\/\/opg-rakovac.hr\/sl\/#website"},"primaryImageOfPage":{"@id":"https:\/\/opg-rakovac.hr\/sl\/blog\/oljcno-olje-bilini\/oljcno-olje-v-plocevinki\/#primaryimage"},"image":{"@id":"https:\/\/opg-rakovac.hr\/sl\/blog\/oljcno-olje-bilini\/oljcno-olje-v-plocevinki\/#primaryimage"},"thumbnailUrl":"https:\/\/opg-rakovac.hr\/wp-content\/uploads\/2021\/01\/maslinovo-ulje-u-limenci-1L-scaled-e1609925763999.jpg","datePublished":"2021-01-15T18:58:07+00:00","description":"V novo leto smo vstopili z novo embala\u017eo na\u0161ega olj\u010dnega olja Bilini. Predstavili smo olj\u010dno olje v plo\u010devinki: 1-litrsko embala\u017eo","breadcrumb":{"@id":"https:\/\/opg-rakovac.hr\/sl\/blog\/oljcno-olje-bilini\/oljcno-olje-v-plocevinki\/#breadcrumb"},"inLanguage":"sl-SI","potentialAction":[{"@type":"ReadAction","target":["https:\/\/opg-rakovac.hr\/sl\/blog\/oljcno-olje-bilini\/oljcno-olje-v-plocevinki\/"]}]},{"@type":"ImageObject","inLanguage":"sl-SI","@id":"https:\/\/opg-rakovac.hr\/sl\/blog\/oljcno-olje-bilini\/oljcno-olje-v-plocevinki\/#primaryimage","url":"https:\/\/opg-rakovac.hr\/wp-content\/uploads\/2021\/01\/maslinovo-ulje-u-limenci-1L-scaled-e1609925763999.jpg","contentUrl":"https:\/\/opg-rakovac.hr\/wp-content\/uploads\/2021\/01\/maslinovo-ulje-u-limenci-1L-scaled-e1609925763999.jpg","width":2560,"height":1896,"caption":"maslinovo ulje u limenci 1L"},{"@type":"BreadcrumbList","@id":"https:\/\/opg-rakovac.hr\/sl\/blog\/oljcno-olje-bilini\/oljcno-olje-v-plocevinki\/#breadcrumb","itemListElement":[{"@type":"ListItem","position":1,"name":"Domov","item":"https:\/\/opg-rakovac.hr\/sl\/"},{"@type":"ListItem","position":2,"name":"Novo leto &#8211; nova embala\u017ea: Bilini olj\u010dno olje v 1L plo\u010devinki"}]},{"@type":"WebSite","@id":"https:\/\/opg-rakovac.hr\/sl\/#website","url":"https:\/\/opg-rakovac.hr\/sl\/","name":"OPG Rakovac","description":"Istarsko ekstra djevi\u010dansko maslinovo ulje Bilini","publisher":{"@id":"https:\/\/opg-rakovac.hr\/sl\/#organization"},"inLanguage":"sl-SI"},{"@type":"Organization","@id":"https:\/\/opg-rakovac.hr\/sl\/#organization","name":"OPG Rakovac","url":"https:\/\/opg-rakovac.hr\/sl\/","logo":{"@type":"ImageObject","inLanguage":"sl-SI","@id":"https:\/\/opg-rakovac.hr\/sl\/#\/schema\/logo\/image\/","url":"https:\/\/opg-rakovac.hr\/wp-content\/uploads\/2015\/12\/favicon.png","contentUrl":"https:\/\/opg-rakovac.hr\/wp-content\/uploads\/2015\/12\/favicon.png","width":200,"height":200,"caption":"OPG Rakovac"},"image":{"@id":"https:\/\/opg-rakovac.hr\/sl\/#\/schema\/logo\/image\/"},"sameAs":["https:\/\/www.facebook.com\/Ekstra.djevicansko.maslinovo.ulje.Bilini\/","https:\/\/www.instagram.com\/bilini_maslinovo_ulje\/","https:\/\/hr.linkedin.com\/in\/bilini","https:\/\/www.pinterest.com\/Bilini_OliveOil\/","https:\/\/www.youtube.com\/channel\/UC7hfzAtwp1YOvhlmwNYkyQw"]},{"@type":"Person","@id":"https:\/\/opg-rakovac.hr\/sl\/#\/schema\/person\/144d2cd7fe877474e322c4ffe1ea30d7","name":"Sa\u0161a","description":"Vedrana is the owner of our family farm. But I am sheer power! :) The guy who does all the physical work in olive groves with a little help of my friends (tractors). :)","sameAs":["https:\/\/opg-rakovac.hr"],"url":"https:\/\/opg-rakovac.hr\/sl\/author\/admin\/"}]}},"_links":{"self":[{"href":"https:\/\/opg-rakovac.hr\/sl\/wp-json\/wp\/v2\/posts\/14284","targetHints":{"allow":["GET"]}}],"collection":[{"href":"https:\/\/opg-rakovac.hr\/sl\/wp-json\/wp\/v2\/posts"}],"about":[{"href":"https:\/\/opg-rakovac.hr\/sl\/wp-json\/wp\/v2\/types\/post"}],"author":[{"embeddable":true,"href":"https:\/\/opg-rakovac.hr\/sl\/wp-json\/wp\/v2\/users\/1"}],"replies":[{"embeddable":true,"href":"https:\/\/opg-rakovac.hr\/sl\/wp-json\/wp\/v2\/comments?post=14284"}],"version-history":[{"count":5,"href":"https:\/\/opg-rakovac.hr\/sl\/wp-json\/wp\/v2\/posts\/14284\/revisions"}],"predecessor-version":[{"id":14294,"href":"https:\/\/opg-rakovac.hr\/sl\/wp-json\/wp\/v2\/posts\/14284\/revisions\/14294"}],"wp:featuredmedia":[{"embeddable":true,"href":"https:\/\/opg-rakovac.hr\/sl\/wp-json\/wp\/v2\/media\/14213"}],"wp:attachment":[{"href":"https:\/\/opg-rakovac.hr\/sl\/wp-json\/wp\/v2\/media?parent=14284"}],"wp:term":[{"taxonomy":"category","embeddable":true,"href":"https:\/\/opg-rakovac.hr\/sl\/wp-json\/wp\/v2\/categories?post=14284"},{"taxonomy":"post_tag","embeddable":true,"href":"https:\/\/opg-rakovac.hr\/sl\/wp-json\/wp\/v2\/tags?post=14284"}],"curies":[{"name":"wp","href":"https:\/\/api.w.org\/{rel}","templated":true}]}}