{"id":15703,"date":"2021-11-01T11:39:41","date_gmt":"2021-11-01T11:39:41","guid":{"rendered":"https:\/\/opg-rakovac.hr\/?p=15703"},"modified":"2024-11-07T17:09:30","modified_gmt":"2024-11-07T16:09:30","slug":"olio-extravergine-di-oliva-bilini-2021","status":"publish","type":"post","link":"https:\/\/opg-rakovac.hr\/it\/blog\/olio-doliva-bilini\/olio-extravergine-di-oliva-bilini-2021\/","title":{"rendered":"Olio extravergine di oliva novello Bilini \u00e8 qui: la vendemmia \u00e8 fatta"},"content":{"rendered":"<p>Ieri, 30 ottobre, abbiamo terminato la raccolta delle olive di quest&#8217;anno. Probabilmente avrete gi\u00e0 sentito dire che quest&#8217;anno in Istria c&#8217;era molta meno frutta di oliva rispetto all&#8217;anno scorso, il che a sua volta ha portato a una minore quantit\u00e0 di olio d&#8217;oliva prodotto. In combinazione con l&#8217;aumento generale dei prezzi di tutto il necessario per produrre petrolio, anche noi siamo stati costretti ad aumentare i prezzi dopo il raccolto. Ma anche se ne abbiamo meno rispetto all&#8217;anno scorso, <strong>l&#8217;olio extravergine di oliva novello Bilini<\/strong> \u00e8 fenomenale.<\/p>\n<p><img decoding=\"async\" class=\"aligncenter wp-image-12516\" src=\"https:\/\/opg-rakovac.hr\/wp-content\/uploads\/2019\/10\/Translated-with-Google-Translate-IT-1.png\" alt=\"\" width=\"150\" height=\"70\" srcset=\"https:\/\/opg-rakovac.hr\/wp-content\/uploads\/2019\/10\/Translated-with-Google-Translate-IT-1.png 660w, https:\/\/opg-rakovac.hr\/wp-content\/uploads\/2019\/10\/Translated-with-Google-Translate-IT-1-300x140.png 300w, https:\/\/opg-rakovac.hr\/wp-content\/uploads\/2019\/10\/Translated-with-Google-Translate-IT-1-230x107.png 230w, https:\/\/opg-rakovac.hr\/wp-content\/uploads\/2019\/10\/Translated-with-Google-Translate-IT-1-324x151.png 324w, https:\/\/opg-rakovac.hr\/wp-content\/uploads\/2019\/10\/Translated-with-Google-Translate-IT-1-416x194.png 416w\" sizes=\"(max-width: 150px) 100vw, 150px\" \/><\/p>\n<p>Puoi trovare i nuovi prezzi dell&#8217;olio extra vergine di oliva Bilini nel <a href=\"https:\/\/opg-rakovac.hr\/it\/shop\/\" target=\"_blank\" rel=\"noopener\">nostro negozio online<\/a>.<\/p>\n<h2 class=\"section-header\" class=\"section-header\">Raccolta delle olive 2021<\/h2>\n<p>La raccolta di quest&#8217;anno \u00e8 stata difficile come al solito, con una quantit\u00e0 significativamente inferiore di frutti rispetto all&#8217;anno scorso. Questo \u00e8 il destino dell&#8217;olivicoltore: ci metti la stessa quantit\u00e0 di lavoro e impegno di un anno prima, ma la &#8220;fabbrica sotto il cielo&#8221; decide di produrre meno. Siamo impotenti davanti alla natura, quindi non ci resta che assaporare la qualit\u00e0 dei frutti e degli oli.<\/p>\n\n\t\t\t<ul class='galerija list-inline list-unstyled fancybox-show-nav'>\n\n\t\t\t\t\n\t\t\t\t<li class=\"col-md-4 col-sm-6 col-xs-4 thumb-wrapper\">\n\t\t\t\t\t<a class=\"fancybox\" data-fancybox=\"olio+extravergine+di+oliva+novello+bilini+%c3%a8+qui%3a+la+vendemmia+%c3%a8+fatta\" data-caption=\"berba maslina\" href=\"https:\/\/opg-rakovac.hr\/wp-content\/uploads\/2021\/10\/berba-maslina-1.jpg\" data-title=\"berba maslina\">\n\t\t\t\t\t\t<img decoding=\"async\" class=\"thumb img-responsive\" src=\"https:\/\/opg-rakovac.hr\/wp-content\/uploads\/2021\/10\/berba-maslina-1-365x270.jpg\" alt=\"berba maslina\">\n\t\t\t\t\t<\/a>\n\t\t\t\t<\/li>\n\n\t\t\t\t\n\t\t\t\t<li class=\"col-md-4 col-sm-6 col-xs-4 thumb-wrapper\">\n\t\t\t\t\t<a class=\"fancybox\" data-fancybox=\"olio+extravergine+di+oliva+novello+bilini+%c3%a8+qui%3a+la+vendemmia+%c3%a8+fatta\" data-caption=\"berba maslina\" href=\"https:\/\/opg-rakovac.hr\/wp-content\/uploads\/2021\/10\/berba-maslina-2.jpg\" data-title=\"berba maslina\">\n\t\t\t\t\t\t<img decoding=\"async\" class=\"thumb img-responsive\" src=\"https:\/\/opg-rakovac.hr\/wp-content\/uploads\/2021\/10\/berba-maslina-2-365x270.jpg\" alt=\"berba maslina\">\n\t\t\t\t\t<\/a>\n\t\t\t\t<\/li>\n\n\t\t\t\t\n\t\t\t\t<li class=\"col-md-4 col-sm-6 col-xs-4 thumb-wrapper\">\n\t\t\t\t\t<a class=\"fancybox\" data-fancybox=\"olio+extravergine+di+oliva+novello+bilini+%c3%a8+qui%3a+la+vendemmia+%c3%a8+fatta\" data-caption=\"berba maslina\" href=\"https:\/\/opg-rakovac.hr\/wp-content\/uploads\/2021\/10\/berba-maslina-3.jpg\" data-title=\"berba maslina\">\n\t\t\t\t\t\t<img decoding=\"async\" class=\"thumb img-responsive\" src=\"https:\/\/opg-rakovac.hr\/wp-content\/uploads\/2021\/10\/berba-maslina-3-365x270.jpg\" alt=\"berba maslina\">\n\t\t\t\t\t<\/a>\n\t\t\t\t<\/li>\n\n\t\t\t\t\t\t\t<\/ul>\n\t\t\t\n<p>Sono stato contento di sentire dal mio amico Daniel che ora &#8211; dopo aver partecipato alla raccolta &#8211; capisce assolutamente perch\u00e9 l&#8217;olio d&#8217;oliva premium costa tanto quanto costa. Anche quando stava solo raccogliendo, senza fare altre attivit\u00e0 negli uliveti. Il coordinamento della raccolta delle olive &#8211; se vogliamo produrre olio di prima qualit\u00e0 &#8211; deve essere accurato al 100%.<\/p>\n<p>Sveglia alle 6:00 del mattino. Preparativi e arrivo all&#8217;oliveto verso le 8:00. L&#8217;inizio della raccolta \u00e8 intorno alle 8:30. Il lavoro viene eseguito fino a ca. 16:30, con una pausa per il brunch e un paio di pause caff\u00e8 nel mezzo. Il ritmo era MOLTO faticoso. Volevamo raccogliere le nostre olive prima delle piogge autunnali. Ora \u00e8 il momento in cui le olive sono nel grado di maturazione ottimale per essere trasformate in olio extra vergine di oliva di prima qualit\u00e0. Il frutto non deve essere immaturo n\u00e9 troppo maturo.<\/p>\n<p>La raccolta \u00e8 durata circa due settimane, con la pioggia che ci ha fatto uscire due volte dagli uliveti. Una di queste due volte \u00e8 mostrata nell&#8217;immagine sopra (vedi il colore del cielo). Colgo l&#8217;occasione per ringraziare i nostri instancabili raccoglitori: Jadranka, Drago, Daniel, nonch\u00e9 i &#8220;raccoglitori ospiti&#8221;: Dragan, Verica, Barbara, Sini\u0161a, Ivica. Ragazzi, siete stati fantastici! Grazie mille ?<\/p>\n<p>Sebbene quest&#8217;anno la quantit\u00e0 di frutta sia stata significativamente inferiore rispetto all&#8217;anno scorso, ci sono state anche cose positive. Meno frutti spesso comportano una resa maggiore (contenuto di olio d&#8217;oliva nel frutto), cosa che fortunatamente \u00e8 avvenuta quest&#8217;anno. Non abbiamo mai avuto un rendimento del 19% fino ad ora ?<\/p>\n<p>Inoltre, il fatto che la maggior parte degli olivicoltori istriani avesse meno frutti del solito, significa meno folla nei frantoi.<\/p>\n<p>Pertanto, la situazione non era cos\u00ec desolante.<\/p>\n<h2 class=\"section-header\" class=\"section-header\">Olio extravergine di oliva novello Bilini<\/h2>\n<p>Il nostro olio extravergine di oliva novello Bilini quest&#8217;anno \u00e8 estremamente buono. Profumo armonizzato, amaro e piccante, crediamo che te ne innamorerai. Puoi ordinarlo nel <a href=\"https:\/\/opg-rakovac.hr\/it\/shop\/\" target=\"_blank\" rel=\"noopener\">nostro negozio online<\/a>. Non dimenticare il <a href=\"https:\/\/youtu.be\/cUMiTG0NsFs\" target=\"_blank\" rel=\"noopener\">nostro programma fedelt\u00e0<\/a>, attraverso il quale puoi ottenere uno sconto al momento dell&#8217;acquisto. Crediamo che ora &#8211; dopo l&#8217;aumento di prezzo &#8211; lo sconto torner\u00e0 utile.<\/p>\n<p><img decoding=\"async\" class=\"aligncenter wp-image-15670 size-large\" src=\"https:\/\/opg-rakovac.hr\/wp-content\/uploads\/2021\/10\/bilini-mlado-maslinovo-ulje-1-1024x1024.jpg\" alt=\"Olio extravergine di oliva novello Bilini\" width=\"980\" height=\"980\" srcset=\"https:\/\/opg-rakovac.hr\/wp-content\/uploads\/2021\/10\/bilini-mlado-maslinovo-ulje-1-1024x1024.jpg 1024w, https:\/\/opg-rakovac.hr\/wp-content\/uploads\/2021\/10\/bilini-mlado-maslinovo-ulje-1-300x300.jpg 300w, https:\/\/opg-rakovac.hr\/wp-content\/uploads\/2021\/10\/bilini-mlado-maslinovo-ulje-1-150x150.jpg 150w, https:\/\/opg-rakovac.hr\/wp-content\/uploads\/2021\/10\/bilini-mlado-maslinovo-ulje-1-768x768.jpg 768w, https:\/\/opg-rakovac.hr\/wp-content\/uploads\/2021\/10\/bilini-mlado-maslinovo-ulje-1-1536x1536.jpg 1536w, https:\/\/opg-rakovac.hr\/wp-content\/uploads\/2021\/10\/bilini-mlado-maslinovo-ulje-1-2048x2048.jpg 2048w, https:\/\/opg-rakovac.hr\/wp-content\/uploads\/2021\/10\/bilini-mlado-maslinovo-ulje-1-800x800.jpg 800w, https:\/\/opg-rakovac.hr\/wp-content\/uploads\/2021\/10\/bilini-mlado-maslinovo-ulje-1-500x500.jpg 500w, https:\/\/opg-rakovac.hr\/wp-content\/uploads\/2021\/10\/bilini-mlado-maslinovo-ulje-1-200x200.jpg 200w, https:\/\/opg-rakovac.hr\/wp-content\/uploads\/2021\/10\/bilini-mlado-maslinovo-ulje-1-230x230.jpg 230w, https:\/\/opg-rakovac.hr\/wp-content\/uploads\/2021\/10\/bilini-mlado-maslinovo-ulje-1-600x600.jpg 600w, https:\/\/opg-rakovac.hr\/wp-content\/uploads\/2021\/10\/bilini-mlado-maslinovo-ulje-1-635x635.jpg 635w, https:\/\/opg-rakovac.hr\/wp-content\/uploads\/2021\/10\/bilini-mlado-maslinovo-ulje-1-292x292.jpg 292w, https:\/\/opg-rakovac.hr\/wp-content\/uploads\/2021\/10\/bilini-mlado-maslinovo-ulje-1-324x324.jpg 324w, https:\/\/opg-rakovac.hr\/wp-content\/uploads\/2021\/10\/bilini-mlado-maslinovo-ulje-1-416x416.jpg 416w, https:\/\/opg-rakovac.hr\/wp-content\/uploads\/2021\/10\/bilini-mlado-maslinovo-ulje-1-100x100.jpg 100w, https:\/\/opg-rakovac.hr\/wp-content\/uploads\/2021\/10\/bilini-mlado-maslinovo-ulje-1-60x60.jpg 60w, https:\/\/opg-rakovac.hr\/wp-content\/uploads\/2021\/10\/bilini-mlado-maslinovo-ulje-1-90x90.jpg 90w\" sizes=\"(max-width: 980px) 100vw, 980px\" \/><\/p>\n<div class=\"cta-link animate animate--sm\">\n\t<div class=\"btn-wrapper text-center\">\n\t\t<a href=\"https:\/\/opg-rakovac.hr\/it\/shop\/\" class=\"btn btn-primary\">\n\t\t\tORDINA L\u2019OLIO DI OLIVA BILINI\t\t<\/a>\n\t<\/div>\n<\/div>\n","protected":false},"excerpt":{"rendered":"<p>Ieri, 30 ottobre, abbiamo terminato la raccolta delle olive di quest&#8217;anno. Probabilmente avrete gi\u00e0 sentito dire che quest&#8217;anno in Istria c&#8217;era molta meno frutta di oliva rispetto all&#8217;anno scorso, il che a sua volta ha portato a una minore quantit\u00e0 di olio d&#8217;oliva prodotto. In combinazione con l&#8217;aumento generale dei prezzi di tutto il necessario [&hellip;]<\/p>\n","protected":false},"author":1,"featured_media":18729,"comment_status":"open","ping_status":"closed","sticky":false,"template":"","format":"standard","meta":{"_acf_changed":false,"h5ap_radio_sources":[],"footnotes":""},"categories":[568],"tags":[1153,1154,1152],"class_list":["post-15703","post","type-post","status-publish","format-standard","has-post-thumbnail","hentry","category-olio-doliva-bilini","tag-il-raccolto-2021","tag-la-vendemmia-2021","tag-olio-extravergine-di-oliva-novello"],"acf":[],"yoast_head":"<!-- This site is optimized with the Yoast SEO plugin v27.4 - https:\/\/yoast.com\/product\/yoast-seo-wordpress\/ -->\n<title>Olio extravergine di oliva novello Bilini \u00e8 qui: la vendemmia \u00e8 fatta<\/title>\n<meta name=\"description\" content=\"Il raccolto di quest&#039;anno \u00e8 alle spalle. Abbiamo fantastico olio extravergine di oliva novello Bilini, cos\u00ec come nuovi prezzi. Leggi di pi\u00f9\" \/>\n<meta name=\"robots\" content=\"index, follow, max-snippet:-1, max-image-preview:large, max-video-preview:-1\" \/>\n<link rel=\"canonical\" href=\"https:\/\/opg-rakovac.hr\/it\/blog\/olio-doliva-bilini\/olio-di-oliva-novello-bilini-e-qui\/\" \/>\n<meta property=\"og:locale\" content=\"it_IT\" \/>\n<meta property=\"og:type\" content=\"article\" \/>\n<meta property=\"og:title\" content=\"Olio extravergine di oliva novello Bilini \u00e8 qui: la vendemmia \u00e8 fatta\" \/>\n<meta property=\"og:description\" content=\"Il raccolto di quest&#039;anno \u00e8 alle spalle. Abbiamo fantastico olio extravergine di oliva novello Bilini, cos\u00ec come nuovi prezzi. Leggi di pi\u00f9\" \/>\n<meta property=\"og:url\" content=\"https:\/\/opg-rakovac.hr\/it\/blog\/olio-doliva-bilini\/olio-di-oliva-novello-bilini-e-qui\/\" \/>\n<meta property=\"og:site_name\" content=\"OPG Rakovac\" \/>\n<meta property=\"article:publisher\" content=\"https:\/\/www.facebook.com\/Ekstra.djevicansko.maslinovo.ulje.Bilini\/\" \/>\n<meta property=\"article:published_time\" content=\"2021-11-01T11:39:41+00:00\" \/>\n<meta property=\"article:modified_time\" content=\"2024-11-07T16:09:30+00:00\" \/>\n<meta property=\"og:image\" content=\"https:\/\/opg-rakovac.hr\/wp-content\/uploads\/2021\/10\/full.webp\" \/>\n\t<meta property=\"og:image:width\" content=\"1000\" \/>\n\t<meta property=\"og:image:height\" content=\"1000\" \/>\n\t<meta property=\"og:image:type\" content=\"image\/webp\" \/>\n<meta name=\"author\" content=\"Sa\u0161a\" \/>\n<meta name=\"twitter:card\" content=\"summary_large_image\" \/>\n<meta name=\"twitter:label1\" content=\"Scritto da\" \/>\n\t<meta name=\"twitter:data1\" content=\"Sa\u0161a\" \/>\n\t<meta name=\"twitter:label2\" content=\"Tempo di lettura stimato\" \/>\n\t<meta name=\"twitter:data2\" content=\"4 minuti\" \/>\n<script type=\"application\/ld+json\" class=\"yoast-schema-graph\">{\"@context\":\"https:\\\/\\\/schema.org\",\"@graph\":[{\"@type\":\"Article\",\"@id\":\"https:\\\/\\\/opg-rakovac.hr\\\/it\\\/blog\\\/olio-doliva-bilini\\\/olio-di-oliva-novello-bilini-e-qui\\\/#article\",\"isPartOf\":{\"@id\":\"https:\\\/\\\/opg-rakovac.hr\\\/it\\\/blog\\\/olio-doliva-bilini\\\/olio-extravergine-di-oliva-bilini-2021\\\/\"},\"author\":{\"name\":\"Sa\u0161a\",\"@id\":\"https:\\\/\\\/opg-rakovac.hr\\\/it\\\/#\\\/schema\\\/person\\\/144d2cd7fe877474e322c4ffe1ea30d7\"},\"headline\":\"Olio extravergine di oliva novello Bilini \u00e8 qui: la vendemmia \u00e8 fatta\",\"datePublished\":\"2021-11-01T11:39:41+00:00\",\"dateModified\":\"2024-11-07T16:09:30+00:00\",\"mainEntityOfPage\":{\"@id\":\"https:\\\/\\\/opg-rakovac.hr\\\/it\\\/blog\\\/olio-doliva-bilini\\\/olio-extravergine-di-oliva-bilini-2021\\\/\"},\"wordCount\":541,\"commentCount\":0,\"publisher\":{\"@id\":\"https:\\\/\\\/opg-rakovac.hr\\\/it\\\/#organization\"},\"image\":{\"@id\":\"https:\\\/\\\/opg-rakovac.hr\\\/it\\\/blog\\\/olio-doliva-bilini\\\/olio-di-oliva-novello-bilini-e-qui\\\/#primaryimage\"},\"thumbnailUrl\":\"https:\\\/\\\/opg-rakovac.hr\\\/wp-content\\\/uploads\\\/2021\\\/10\\\/full.webp\",\"keywords\":[\"il raccolto 2021\",\"la vendemmia 2021\",\"olio extravergine di oliva novello\"],\"articleSection\":[\"Olio d\u2019Oliva Bilini\"],\"inLanguage\":\"it-IT\",\"potentialAction\":[{\"@type\":\"CommentAction\",\"name\":\"Comment\",\"target\":[\"https:\\\/\\\/opg-rakovac.hr\\\/it\\\/blog\\\/olio-doliva-bilini\\\/olio-di-oliva-novello-bilini-e-qui\\\/#respond\"]}]},{\"@type\":\"WebPage\",\"@id\":\"https:\\\/\\\/opg-rakovac.hr\\\/it\\\/blog\\\/olio-doliva-bilini\\\/olio-extravergine-di-oliva-bilini-2021\\\/\",\"url\":\"https:\\\/\\\/opg-rakovac.hr\\\/it\\\/blog\\\/olio-doliva-bilini\\\/olio-di-oliva-novello-bilini-e-qui\\\/\",\"name\":\"Olio extravergine di oliva novello Bilini \u00e8 qui: la vendemmia \u00e8 fatta\",\"isPartOf\":{\"@id\":\"https:\\\/\\\/opg-rakovac.hr\\\/it\\\/#website\"},\"primaryImageOfPage\":{\"@id\":\"https:\\\/\\\/opg-rakovac.hr\\\/it\\\/blog\\\/olio-doliva-bilini\\\/olio-di-oliva-novello-bilini-e-qui\\\/#primaryimage\"},\"image\":{\"@id\":\"https:\\\/\\\/opg-rakovac.hr\\\/it\\\/blog\\\/olio-doliva-bilini\\\/olio-di-oliva-novello-bilini-e-qui\\\/#primaryimage\"},\"thumbnailUrl\":\"https:\\\/\\\/opg-rakovac.hr\\\/wp-content\\\/uploads\\\/2021\\\/10\\\/full.webp\",\"datePublished\":\"2021-11-01T11:39:41+00:00\",\"dateModified\":\"2024-11-07T16:09:30+00:00\",\"description\":\"Il raccolto di quest'anno \u00e8 alle spalle. Abbiamo fantastico olio extravergine di oliva novello Bilini, cos\u00ec come nuovi prezzi. Leggi di pi\u00f9\",\"breadcrumb\":{\"@id\":\"https:\\\/\\\/opg-rakovac.hr\\\/it\\\/blog\\\/olio-doliva-bilini\\\/olio-di-oliva-novello-bilini-e-qui\\\/#breadcrumb\"},\"inLanguage\":\"it-IT\",\"potentialAction\":[{\"@type\":\"ReadAction\",\"target\":[\"https:\\\/\\\/opg-rakovac.hr\\\/it\\\/blog\\\/olio-doliva-bilini\\\/olio-di-oliva-novello-bilini-e-qui\\\/\"]}]},{\"@type\":\"ImageObject\",\"inLanguage\":\"it-IT\",\"@id\":\"https:\\\/\\\/opg-rakovac.hr\\\/it\\\/blog\\\/olio-doliva-bilini\\\/olio-di-oliva-novello-bilini-e-qui\\\/#primaryimage\",\"url\":\"https:\\\/\\\/opg-rakovac.hr\\\/wp-content\\\/uploads\\\/2021\\\/10\\\/full.webp\",\"contentUrl\":\"https:\\\/\\\/opg-rakovac.hr\\\/wp-content\\\/uploads\\\/2021\\\/10\\\/full.webp\",\"width\":1000,\"height\":1000,\"caption\":\"bilini mlado maslinovo ulje\"},{\"@type\":\"BreadcrumbList\",\"@id\":\"https:\\\/\\\/opg-rakovac.hr\\\/it\\\/blog\\\/olio-doliva-bilini\\\/olio-di-oliva-novello-bilini-e-qui\\\/#breadcrumb\",\"itemListElement\":[{\"@type\":\"ListItem\",\"position\":1,\"name\":\"Homepage\",\"item\":\"https:\\\/\\\/opg-rakovac.hr\\\/it\\\/\"},{\"@type\":\"ListItem\",\"position\":2,\"name\":\"Olio extravergine di oliva novello Bilini \u00e8 qui: la vendemmia \u00e8 fatta\"}]},{\"@type\":\"WebSite\",\"@id\":\"https:\\\/\\\/opg-rakovac.hr\\\/it\\\/#website\",\"url\":\"https:\\\/\\\/opg-rakovac.hr\\\/it\\\/\",\"name\":\"OPG Rakovac\",\"description\":\"Istarsko ekstra djevi\u010dansko maslinovo ulje Bilini\",\"publisher\":{\"@id\":\"https:\\\/\\\/opg-rakovac.hr\\\/it\\\/#organization\"},\"inLanguage\":\"it-IT\"},{\"@type\":\"Organization\",\"@id\":\"https:\\\/\\\/opg-rakovac.hr\\\/it\\\/#organization\",\"name\":\"OPG Rakovac\",\"url\":\"https:\\\/\\\/opg-rakovac.hr\\\/it\\\/\",\"logo\":{\"@type\":\"ImageObject\",\"inLanguage\":\"it-IT\",\"@id\":\"https:\\\/\\\/opg-rakovac.hr\\\/it\\\/#\\\/schema\\\/logo\\\/image\\\/\",\"url\":\"https:\\\/\\\/opg-rakovac.hr\\\/wp-content\\\/uploads\\\/2015\\\/12\\\/favicon.png\",\"contentUrl\":\"https:\\\/\\\/opg-rakovac.hr\\\/wp-content\\\/uploads\\\/2015\\\/12\\\/favicon.png\",\"width\":200,\"height\":200,\"caption\":\"OPG Rakovac\"},\"image\":{\"@id\":\"https:\\\/\\\/opg-rakovac.hr\\\/it\\\/#\\\/schema\\\/logo\\\/image\\\/\"},\"sameAs\":[\"https:\\\/\\\/www.facebook.com\\\/Ekstra.djevicansko.maslinovo.ulje.Bilini\\\/\",\"https:\\\/\\\/www.instagram.com\\\/bilini_maslinovo_ulje\\\/\",\"https:\\\/\\\/hr.linkedin.com\\\/in\\\/bilini\",\"https:\\\/\\\/www.pinterest.com\\\/Bilini_OliveOil\\\/\",\"https:\\\/\\\/www.youtube.com\\\/channel\\\/UC7hfzAtwp1YOvhlmwNYkyQw\"]},{\"@type\":\"Person\",\"@id\":\"https:\\\/\\\/opg-rakovac.hr\\\/it\\\/#\\\/schema\\\/person\\\/144d2cd7fe877474e322c4ffe1ea30d7\",\"name\":\"Sa\u0161a\",\"description\":\"Vedrana is the owner of our family farm. But I am sheer power! :) The guy who does all the physical work in olive groves with a little help of my friends (tractors). :)\",\"sameAs\":[\"https:\\\/\\\/opg-rakovac.hr\"],\"url\":\"https:\\\/\\\/opg-rakovac.hr\\\/it\\\/author\\\/admin\\\/\"}]}<\/script>\n<!-- \/ Yoast SEO plugin. -->","yoast_head_json":{"title":"Olio extravergine di oliva novello Bilini \u00e8 qui: la vendemmia \u00e8 fatta","description":"Il raccolto di quest'anno \u00e8 alle spalle. Abbiamo fantastico olio extravergine di oliva novello Bilini, cos\u00ec come nuovi prezzi. Leggi di pi\u00f9","robots":{"index":"index","follow":"follow","max-snippet":"max-snippet:-1","max-image-preview":"max-image-preview:large","max-video-preview":"max-video-preview:-1"},"canonical":"https:\/\/opg-rakovac.hr\/it\/blog\/olio-doliva-bilini\/olio-di-oliva-novello-bilini-e-qui\/","og_locale":"it_IT","og_type":"article","og_title":"Olio extravergine di oliva novello Bilini \u00e8 qui: la vendemmia \u00e8 fatta","og_description":"Il raccolto di quest'anno \u00e8 alle spalle. Abbiamo fantastico olio extravergine di oliva novello Bilini, cos\u00ec come nuovi prezzi. Leggi di pi\u00f9","og_url":"https:\/\/opg-rakovac.hr\/it\/blog\/olio-doliva-bilini\/olio-di-oliva-novello-bilini-e-qui\/","og_site_name":"OPG Rakovac","article_publisher":"https:\/\/www.facebook.com\/Ekstra.djevicansko.maslinovo.ulje.Bilini\/","article_published_time":"2021-11-01T11:39:41+00:00","article_modified_time":"2024-11-07T16:09:30+00:00","og_image":[{"width":1000,"height":1000,"url":"https:\/\/opg-rakovac.hr\/wp-content\/uploads\/2021\/10\/full.webp","type":"image\/webp"}],"author":"Sa\u0161a","twitter_card":"summary_large_image","twitter_misc":{"Scritto da":"Sa\u0161a","Tempo di lettura stimato":"4 minuti"},"schema":{"@context":"https:\/\/schema.org","@graph":[{"@type":"Article","@id":"https:\/\/opg-rakovac.hr\/it\/blog\/olio-doliva-bilini\/olio-di-oliva-novello-bilini-e-qui\/#article","isPartOf":{"@id":"https:\/\/opg-rakovac.hr\/it\/blog\/olio-doliva-bilini\/olio-extravergine-di-oliva-bilini-2021\/"},"author":{"name":"Sa\u0161a","@id":"https:\/\/opg-rakovac.hr\/it\/#\/schema\/person\/144d2cd7fe877474e322c4ffe1ea30d7"},"headline":"Olio extravergine di oliva novello Bilini \u00e8 qui: la vendemmia \u00e8 fatta","datePublished":"2021-11-01T11:39:41+00:00","dateModified":"2024-11-07T16:09:30+00:00","mainEntityOfPage":{"@id":"https:\/\/opg-rakovac.hr\/it\/blog\/olio-doliva-bilini\/olio-extravergine-di-oliva-bilini-2021\/"},"wordCount":541,"commentCount":0,"publisher":{"@id":"https:\/\/opg-rakovac.hr\/it\/#organization"},"image":{"@id":"https:\/\/opg-rakovac.hr\/it\/blog\/olio-doliva-bilini\/olio-di-oliva-novello-bilini-e-qui\/#primaryimage"},"thumbnailUrl":"https:\/\/opg-rakovac.hr\/wp-content\/uploads\/2021\/10\/full.webp","keywords":["il raccolto 2021","la vendemmia 2021","olio extravergine di oliva novello"],"articleSection":["Olio d\u2019Oliva Bilini"],"inLanguage":"it-IT","potentialAction":[{"@type":"CommentAction","name":"Comment","target":["https:\/\/opg-rakovac.hr\/it\/blog\/olio-doliva-bilini\/olio-di-oliva-novello-bilini-e-qui\/#respond"]}]},{"@type":"WebPage","@id":"https:\/\/opg-rakovac.hr\/it\/blog\/olio-doliva-bilini\/olio-extravergine-di-oliva-bilini-2021\/","url":"https:\/\/opg-rakovac.hr\/it\/blog\/olio-doliva-bilini\/olio-di-oliva-novello-bilini-e-qui\/","name":"Olio extravergine di oliva novello Bilini \u00e8 qui: la vendemmia \u00e8 fatta","isPartOf":{"@id":"https:\/\/opg-rakovac.hr\/it\/#website"},"primaryImageOfPage":{"@id":"https:\/\/opg-rakovac.hr\/it\/blog\/olio-doliva-bilini\/olio-di-oliva-novello-bilini-e-qui\/#primaryimage"},"image":{"@id":"https:\/\/opg-rakovac.hr\/it\/blog\/olio-doliva-bilini\/olio-di-oliva-novello-bilini-e-qui\/#primaryimage"},"thumbnailUrl":"https:\/\/opg-rakovac.hr\/wp-content\/uploads\/2021\/10\/full.webp","datePublished":"2021-11-01T11:39:41+00:00","dateModified":"2024-11-07T16:09:30+00:00","description":"Il raccolto di quest'anno \u00e8 alle spalle. Abbiamo fantastico olio extravergine di oliva novello Bilini, cos\u00ec come nuovi prezzi. Leggi di pi\u00f9","breadcrumb":{"@id":"https:\/\/opg-rakovac.hr\/it\/blog\/olio-doliva-bilini\/olio-di-oliva-novello-bilini-e-qui\/#breadcrumb"},"inLanguage":"it-IT","potentialAction":[{"@type":"ReadAction","target":["https:\/\/opg-rakovac.hr\/it\/blog\/olio-doliva-bilini\/olio-di-oliva-novello-bilini-e-qui\/"]}]},{"@type":"ImageObject","inLanguage":"it-IT","@id":"https:\/\/opg-rakovac.hr\/it\/blog\/olio-doliva-bilini\/olio-di-oliva-novello-bilini-e-qui\/#primaryimage","url":"https:\/\/opg-rakovac.hr\/wp-content\/uploads\/2021\/10\/full.webp","contentUrl":"https:\/\/opg-rakovac.hr\/wp-content\/uploads\/2021\/10\/full.webp","width":1000,"height":1000,"caption":"bilini mlado maslinovo ulje"},{"@type":"BreadcrumbList","@id":"https:\/\/opg-rakovac.hr\/it\/blog\/olio-doliva-bilini\/olio-di-oliva-novello-bilini-e-qui\/#breadcrumb","itemListElement":[{"@type":"ListItem","position":1,"name":"Homepage","item":"https:\/\/opg-rakovac.hr\/it\/"},{"@type":"ListItem","position":2,"name":"Olio extravergine di oliva novello Bilini \u00e8 qui: la vendemmia \u00e8 fatta"}]},{"@type":"WebSite","@id":"https:\/\/opg-rakovac.hr\/it\/#website","url":"https:\/\/opg-rakovac.hr\/it\/","name":"OPG Rakovac","description":"Istarsko ekstra djevi\u010dansko maslinovo ulje Bilini","publisher":{"@id":"https:\/\/opg-rakovac.hr\/it\/#organization"},"inLanguage":"it-IT"},{"@type":"Organization","@id":"https:\/\/opg-rakovac.hr\/it\/#organization","name":"OPG Rakovac","url":"https:\/\/opg-rakovac.hr\/it\/","logo":{"@type":"ImageObject","inLanguage":"it-IT","@id":"https:\/\/opg-rakovac.hr\/it\/#\/schema\/logo\/image\/","url":"https:\/\/opg-rakovac.hr\/wp-content\/uploads\/2015\/12\/favicon.png","contentUrl":"https:\/\/opg-rakovac.hr\/wp-content\/uploads\/2015\/12\/favicon.png","width":200,"height":200,"caption":"OPG Rakovac"},"image":{"@id":"https:\/\/opg-rakovac.hr\/it\/#\/schema\/logo\/image\/"},"sameAs":["https:\/\/www.facebook.com\/Ekstra.djevicansko.maslinovo.ulje.Bilini\/","https:\/\/www.instagram.com\/bilini_maslinovo_ulje\/","https:\/\/hr.linkedin.com\/in\/bilini","https:\/\/www.pinterest.com\/Bilini_OliveOil\/","https:\/\/www.youtube.com\/channel\/UC7hfzAtwp1YOvhlmwNYkyQw"]},{"@type":"Person","@id":"https:\/\/opg-rakovac.hr\/it\/#\/schema\/person\/144d2cd7fe877474e322c4ffe1ea30d7","name":"Sa\u0161a","description":"Vedrana is the owner of our family farm. But I am sheer power! :) The guy who does all the physical work in olive groves with a little help of my friends (tractors). :)","sameAs":["https:\/\/opg-rakovac.hr"],"url":"https:\/\/opg-rakovac.hr\/it\/author\/admin\/"}]}},"_links":{"self":[{"href":"https:\/\/opg-rakovac.hr\/it\/wp-json\/wp\/v2\/posts\/15703","targetHints":{"allow":["GET"]}}],"collection":[{"href":"https:\/\/opg-rakovac.hr\/it\/wp-json\/wp\/v2\/posts"}],"about":[{"href":"https:\/\/opg-rakovac.hr\/it\/wp-json\/wp\/v2\/types\/post"}],"author":[{"embeddable":true,"href":"https:\/\/opg-rakovac.hr\/it\/wp-json\/wp\/v2\/users\/1"}],"replies":[{"embeddable":true,"href":"https:\/\/opg-rakovac.hr\/it\/wp-json\/wp\/v2\/comments?post=15703"}],"version-history":[{"count":2,"href":"https:\/\/opg-rakovac.hr\/it\/wp-json\/wp\/v2\/posts\/15703\/revisions"}],"predecessor-version":[{"id":15705,"href":"https:\/\/opg-rakovac.hr\/it\/wp-json\/wp\/v2\/posts\/15703\/revisions\/15705"}],"wp:featuredmedia":[{"embeddable":true,"href":"https:\/\/opg-rakovac.hr\/it\/wp-json\/wp\/v2\/media\/18729"}],"wp:attachment":[{"href":"https:\/\/opg-rakovac.hr\/it\/wp-json\/wp\/v2\/media?parent=15703"}],"wp:term":[{"taxonomy":"category","embeddable":true,"href":"https:\/\/opg-rakovac.hr\/it\/wp-json\/wp\/v2\/categories?post=15703"},{"taxonomy":"post_tag","embeddable":true,"href":"https:\/\/opg-rakovac.hr\/it\/wp-json\/wp\/v2\/tags?post=15703"}],"curies":[{"name":"wp","href":"https:\/\/api.w.org\/{rel}","templated":true}]}}