{"id":14175,"date":"2020-08-30T12:58:52","date_gmt":"2020-08-30T12:58:52","guid":{"rendered":"https:\/\/opg-rakovac.hr\/?p=14175"},"modified":"2021-01-02T13:17:09","modified_gmt":"2021-01-02T13:17:09","slug":"frantoio","status":"publish","type":"post","link":"https:\/\/opg-rakovac.hr\/it\/blog\/coltivazione-di-olive\/frantoio\/","title":{"rendered":"Cultivar di olivo negli oliveti dell&#8217;azienda agricola di famiglia Rakovac: Frantoio"},"content":{"rendered":"<p>Oggi parleremo della variet\u00e0 introdotta dall&#8217;Italia, gi\u00e0 abbastanza diffusa negli uliveti istriani \u27a1\ufe0f Frantoio. Questa cultivar \u00e8 relativamente diffusa nei nostri oliveti.<\/p>\n<p><img decoding=\"async\" class=\"aligncenter wp-image-12496\" src=\"https:\/\/opg-rakovac.hr\/wp-content\/uploads\/2019\/10\/Translated-with-Google-Translate-IT.png\" alt=\"\" width=\"150\" height=\"73\" srcset=\"https:\/\/opg-rakovac.hr\/wp-content\/uploads\/2019\/10\/Translated-with-Google-Translate-IT.png 660w, https:\/\/opg-rakovac.hr\/wp-content\/uploads\/2019\/10\/Translated-with-Google-Translate-IT-300x147.png 300w, https:\/\/opg-rakovac.hr\/wp-content\/uploads\/2019\/10\/Translated-with-Google-Translate-IT-230x113.png 230w, https:\/\/opg-rakovac.hr\/wp-content\/uploads\/2019\/10\/Translated-with-Google-Translate-IT-324x159.png 324w, https:\/\/opg-rakovac.hr\/wp-content\/uploads\/2019\/10\/Translated-with-Google-Translate-IT-416x204.png 416w\" sizes=\"(max-width: 150px) 100vw, 150px\" \/><\/p>\n\n\t\t\t<ul class='galerija list-inline list-unstyled fancybox-show-nav'>\n\n\t\t\t\t\n\t\t\t\t<li class=\"col-md-4 col-sm-6 col-xs-4 thumb-wrapper\">\n\t\t\t\t\t<a class=\"fancybox\" data-fancybox=\"cultivar+di+olivo+negli+oliveti+dell%26%238217%3bazienda+agricola+di+famiglia+rakovac%3a+frantoio\" data-caption=\"frantoio\" href=\"https:\/\/opg-rakovac.hr\/wp-content\/uploads\/2020\/08\/20200829_191344-e1598774058284.jpg\" data-title=\"frantoio\">\n\t\t\t\t\t\t<img decoding=\"async\" class=\"thumb img-responsive\" src=\"https:\/\/opg-rakovac.hr\/wp-content\/uploads\/2020\/08\/20200829_191344-365x270.jpg\" alt=\"frantoio\">\n\t\t\t\t\t<\/a>\n\t\t\t\t<\/li>\n\n\t\t\t\t\n\t\t\t\t<li class=\"col-md-4 col-sm-6 col-xs-4 thumb-wrapper\">\n\t\t\t\t\t<a class=\"fancybox\" data-fancybox=\"cultivar+di+olivo+negli+oliveti+dell%26%238217%3bazienda+agricola+di+famiglia+rakovac%3a+frantoio\" data-caption=\"frantoio\" href=\"https:\/\/opg-rakovac.hr\/wp-content\/uploads\/2020\/08\/20200829_191323-e1598773805912.jpg\" data-title=\"frantoio\">\n\t\t\t\t\t\t<img decoding=\"async\" class=\"thumb img-responsive\" src=\"https:\/\/opg-rakovac.hr\/wp-content\/uploads\/2020\/08\/20200829_191323-365x270.jpg\" alt=\"frantoio\">\n\t\t\t\t\t<\/a>\n\t\t\t\t<\/li>\n\n\t\t\t\t\n\t\t\t\t<li class=\"col-md-4 col-sm-6 col-xs-4 thumb-wrapper\">\n\t\t\t\t\t<a class=\"fancybox\" data-fancybox=\"cultivar+di+olivo+negli+oliveti+dell%26%238217%3bazienda+agricola+di+famiglia+rakovac%3a+frantoio\" data-caption=\"frantoio\" href=\"https:\/\/opg-rakovac.hr\/wp-content\/uploads\/2020\/08\/frantoio-e1598774043431.jpg\" data-title=\"frantoio\">\n\t\t\t\t\t\t<img decoding=\"async\" class=\"thumb img-responsive\" src=\"https:\/\/opg-rakovac.hr\/wp-content\/uploads\/2020\/08\/frantoio-365x270.jpg\" alt=\"frantoio\">\n\t\t\t\t\t<\/a>\n\t\t\t\t<\/li>\n\n\t\t\t\t\t\t\t<\/ul>\n\t\t\t\n<h2 class=\"section-header\" class=\"section-header\">Frantoio &#8211; una cultivar di cui olio fantastico \u00e8 fatto<\/h2>\n<h3>Sulla cultivar in generale<\/h3>\n<p>Il Frantoio \u00e8 una cultivar molto diffusa in Toscana e nel centro Italia. Viene coltivato in Istria dagli anni &#8217;40.<\/p>\n<p>Questa variet\u00e0 \u00e8 caratterizzata da rigogliosit\u00e0 media e crescita ampia. Ha una forma a corona aperta e ramoscelli radi, lunghi ed elastici. I frutti sono ovoidali e allungati e di solito cambiano colore da giallo verdastro a bordeaux nel mese di ottobre. La maturazione dei frutti avviene da ottobre a dicembre. La fertilit\u00e0 \u00e8 buona e duratura.<\/p>\n<p>Come per altre variet\u00e0, per un olio dalle migliori propriet\u00e0 organolettiche e chimiche, si consiglia la raccolta in un momento successivo a quello in cui il frutto ha iniziato a cambiare colore, poco prima della piena maturazione.<\/p>\n<p>Frantoio \u00e8 resistente ai comuni parassiti delle olive, ma \u00e8 molto suscettibile all&#8217;occhio di pavone (malattia fungina delle foglie di olivo), quindi \u00e8 necessario prestare attenzione se si dispone di questa variet\u00e0 nei propri uliveti.<\/p>\n<h3>Qualit\u00e0 dell&#8217;olio<\/h3>\n<p>Frantoio \u00e8 una cultivar molto apprezzata proprio per l&#8217;eccezionale qualit\u00e0 dell&#8217;olio che ne deriva. L&#8217;olio d&#8217;oliva prodotto da questa cultivar ha un aroma ricco e un gusto retronasale di frutta, in particolare mela fresca.<\/p>\n<p>Nel <a href=\"https:\/\/opg-rakovac.hr\/it\/olio-extravergine-d-oliva-istriano-bilini\/\" target=\"_blank\" rel=\"noopener\">nostro blend di olio extravergine di oliva Bilini<\/a>, ovviamente, \u00e8 rappresentata anche questa variet\u00e0. Insieme ad <a href=\"https:\/\/it.wikipedia.org\/wiki\/Cultivar_di_olivo\" target=\"_blank\" rel=\"noopener\">altre quattordici cultivar<\/a>, che abbiamo in programma di presentare una ad una nella nostra sezione blog. ? Pertanto, rimanete sintonizzati sul nostro blog; speriamo che lo troverai interessante.<\/p>\n<h2 class=\"section-header\" class=\"section-header\">Frantoio 360\u00b0<\/h2>\n<p>Abbiamo realizzato un video per mostrarti l&#8217;aspetto di un albero frantoio, con particolare attenzione ai frutti. Ci\u00f2 torner\u00e0 utile per gli olivicoltori meno esperti che potrebbero non sapere quali variet\u00e0 hanno nell&#8217;oliveto. Goditi il video che abbiamo girato alla fine di agosto 2020, in una ventosa sera d&#8217;estate:<\/p>\n<p><div class=\"embed-responsive embed-responsive-16by9\"><iframe loading=\"lazy\" title=\"Frantoio\" width=\"980\" height=\"551\" src=\"https:\/\/www.youtube.com\/embed\/QNSJDMN7pIk?feature=oembed\" frameborder=\"0\" allow=\"accelerometer; autoplay; clipboard-write; encrypted-media; gyroscope; picture-in-picture\" allowfullscreen><\/iframe><\/div><\/p>\n<div class=\"cta-link animate animate--sm\">\n\t<div class=\"btn-wrapper text-center\">\n\t\t<a href=\"https:\/\/opg-rakovac.hr\/it\/shop\/\" class=\"btn btn-primary\">\n\t\t\tORDINA L\u2019OLIO DI OLIVA BILINI\t\t<\/a>\n\t<\/div>\n<\/div>\n","protected":false},"excerpt":{"rendered":"<p>Oggi parleremo della variet\u00e0 introdotta dall&#8217;Italia, gi\u00e0 abbastanza diffusa negli uliveti istriani \u27a1\ufe0f Frantoio. Questa cultivar \u00e8 relativamente diffusa nei nostri oliveti. Frantoio &#8211; una cultivar di cui olio fantastico \u00e8 fatto Sulla cultivar in generale Il Frantoio \u00e8 una cultivar molto diffusa in Toscana e nel centro Italia. Viene coltivato in Istria dagli anni [&hellip;]<\/p>\n","protected":false},"author":1,"featured_media":17472,"comment_status":"open","ping_status":"closed","sticky":false,"template":"","format":"standard","meta":{"_acf_changed":false,"h5ap_radio_sources":[],"footnotes":""},"categories":[504],"tags":[488],"class_list":["post-14175","post","type-post","status-publish","format-standard","has-post-thumbnail","hentry","category-coltivazione-di-olive","tag-bilini-it"],"acf":[],"yoast_head":"<!-- This site is optimized with the Yoast SEO plugin v27.4 - https:\/\/yoast.com\/product\/yoast-seo-wordpress\/ -->\n<title>Frantoio - cultivar di olive negli uliveti dell&#039;azienda agricola Rakovac<\/title>\n<meta name=\"description\" content=\"Tra le tante variet\u00e0 presenti negli oliveti dell&#039;azienda agricola di famiglia Rakovac, c&#039;\u00e8 anche la cultivar introdotta Frantoio\" \/>\n<meta name=\"robots\" content=\"index, follow, max-snippet:-1, max-image-preview:large, max-video-preview:-1\" \/>\n<link rel=\"canonical\" href=\"https:\/\/opg-rakovac.hr\/it\/blog\/coltivazione-di-olive\/frantoio\/\" \/>\n<meta property=\"og:locale\" content=\"it_IT\" \/>\n<meta property=\"og:type\" content=\"article\" \/>\n<meta property=\"og:title\" content=\"Frantoio - cultivar di olive negli uliveti dell&#039;azienda agricola Rakovac\" \/>\n<meta property=\"og:description\" content=\"Tra le tante variet\u00e0 presenti negli oliveti dell&#039;azienda agricola di famiglia Rakovac, c&#039;\u00e8 anche la cultivar introdotta Frantoio\" \/>\n<meta property=\"og:url\" content=\"https:\/\/opg-rakovac.hr\/it\/blog\/coltivazione-di-olive\/frantoio\/\" \/>\n<meta property=\"og:site_name\" content=\"OPG Rakovac\" \/>\n<meta property=\"article:publisher\" content=\"https:\/\/www.facebook.com\/Ekstra.djevicansko.maslinovo.ulje.Bilini\/\" \/>\n<meta property=\"article:published_time\" content=\"2020-08-30T12:58:52+00:00\" \/>\n<meta property=\"article:modified_time\" content=\"2021-01-02T13:17:09+00:00\" \/>\n<meta property=\"og:image\" content=\"https:\/\/opg-rakovac.hr\/wp-content\/uploads\/2020\/08\/frantoio_cover.jpg\" \/>\n\t<meta property=\"og:image:width\" content=\"393\" \/>\n\t<meta property=\"og:image:height\" content=\"290\" \/>\n\t<meta property=\"og:image:type\" content=\"image\/jpeg\" \/>\n<meta name=\"author\" content=\"Sa\u0161a\" \/>\n<meta name=\"twitter:card\" content=\"summary_large_image\" \/>\n<meta name=\"twitter:label1\" content=\"Scritto da\" \/>\n\t<meta name=\"twitter:data1\" content=\"Sa\u0161a\" \/>\n\t<meta name=\"twitter:label2\" content=\"Tempo di lettura stimato\" \/>\n\t<meta name=\"twitter:data2\" content=\"2 minuti\" \/>\n<script type=\"application\/ld+json\" class=\"yoast-schema-graph\">{\"@context\":\"https:\\\/\\\/schema.org\",\"@graph\":[{\"@type\":\"Article\",\"@id\":\"https:\\\/\\\/opg-rakovac.hr\\\/it\\\/blog\\\/coltivazione-di-olive\\\/frantoio\\\/#article\",\"isPartOf\":{\"@id\":\"https:\\\/\\\/opg-rakovac.hr\\\/it\\\/blog\\\/coltivazione-di-olive\\\/frantoio\\\/\"},\"author\":{\"name\":\"Sa\u0161a\",\"@id\":\"https:\\\/\\\/opg-rakovac.hr\\\/it\\\/#\\\/schema\\\/person\\\/144d2cd7fe877474e322c4ffe1ea30d7\"},\"headline\":\"Cultivar di olivo negli oliveti dell&#8217;azienda agricola di famiglia Rakovac: Frantoio\",\"datePublished\":\"2020-08-30T12:58:52+00:00\",\"dateModified\":\"2021-01-02T13:17:09+00:00\",\"mainEntityOfPage\":{\"@id\":\"https:\\\/\\\/opg-rakovac.hr\\\/it\\\/blog\\\/coltivazione-di-olive\\\/frantoio\\\/\"},\"wordCount\":333,\"commentCount\":0,\"publisher\":{\"@id\":\"https:\\\/\\\/opg-rakovac.hr\\\/it\\\/#organization\"},\"image\":{\"@id\":\"https:\\\/\\\/opg-rakovac.hr\\\/it\\\/blog\\\/coltivazione-di-olive\\\/frantoio\\\/#primaryimage\"},\"thumbnailUrl\":\"https:\\\/\\\/opg-rakovac.hr\\\/wp-content\\\/uploads\\\/2020\\\/08\\\/frantoio-e1598774043431.webp\",\"keywords\":[\"bilini\"],\"articleSection\":[\"Coltivazione di olive\"],\"inLanguage\":\"it-IT\",\"potentialAction\":[{\"@type\":\"CommentAction\",\"name\":\"Comment\",\"target\":[\"https:\\\/\\\/opg-rakovac.hr\\\/it\\\/blog\\\/coltivazione-di-olive\\\/frantoio\\\/#respond\"]}]},{\"@type\":\"WebPage\",\"@id\":\"https:\\\/\\\/opg-rakovac.hr\\\/it\\\/blog\\\/coltivazione-di-olive\\\/frantoio\\\/\",\"url\":\"https:\\\/\\\/opg-rakovac.hr\\\/it\\\/blog\\\/coltivazione-di-olive\\\/frantoio\\\/\",\"name\":\"Frantoio - cultivar di olive negli uliveti dell'azienda agricola Rakovac\",\"isPartOf\":{\"@id\":\"https:\\\/\\\/opg-rakovac.hr\\\/it\\\/#website\"},\"primaryImageOfPage\":{\"@id\":\"https:\\\/\\\/opg-rakovac.hr\\\/it\\\/blog\\\/coltivazione-di-olive\\\/frantoio\\\/#primaryimage\"},\"image\":{\"@id\":\"https:\\\/\\\/opg-rakovac.hr\\\/it\\\/blog\\\/coltivazione-di-olive\\\/frantoio\\\/#primaryimage\"},\"thumbnailUrl\":\"https:\\\/\\\/opg-rakovac.hr\\\/wp-content\\\/uploads\\\/2020\\\/08\\\/frantoio-e1598774043431.webp\",\"datePublished\":\"2020-08-30T12:58:52+00:00\",\"dateModified\":\"2021-01-02T13:17:09+00:00\",\"description\":\"Tra le tante variet\u00e0 presenti negli oliveti dell'azienda agricola di famiglia Rakovac, c'\u00e8 anche la cultivar introdotta Frantoio\",\"breadcrumb\":{\"@id\":\"https:\\\/\\\/opg-rakovac.hr\\\/it\\\/blog\\\/coltivazione-di-olive\\\/frantoio\\\/#breadcrumb\"},\"inLanguage\":\"it-IT\",\"potentialAction\":[{\"@type\":\"ReadAction\",\"target\":[\"https:\\\/\\\/opg-rakovac.hr\\\/it\\\/blog\\\/coltivazione-di-olive\\\/frantoio\\\/\"]}]},{\"@type\":\"ImageObject\",\"inLanguage\":\"it-IT\",\"@id\":\"https:\\\/\\\/opg-rakovac.hr\\\/it\\\/blog\\\/coltivazione-di-olive\\\/frantoio\\\/#primaryimage\",\"url\":\"https:\\\/\\\/opg-rakovac.hr\\\/wp-content\\\/uploads\\\/2020\\\/08\\\/frantoio-e1598774043431.webp\",\"contentUrl\":\"https:\\\/\\\/opg-rakovac.hr\\\/wp-content\\\/uploads\\\/2020\\\/08\\\/frantoio-e1598774043431.webp\",\"width\":1000,\"height\":563,\"caption\":\"frantoio\"},{\"@type\":\"BreadcrumbList\",\"@id\":\"https:\\\/\\\/opg-rakovac.hr\\\/it\\\/blog\\\/coltivazione-di-olive\\\/frantoio\\\/#breadcrumb\",\"itemListElement\":[{\"@type\":\"ListItem\",\"position\":1,\"name\":\"Homepage\",\"item\":\"https:\\\/\\\/opg-rakovac.hr\\\/it\\\/\"},{\"@type\":\"ListItem\",\"position\":2,\"name\":\"Cultivar di olivo negli oliveti dell&#8217;azienda agricola di famiglia Rakovac: Frantoio\"}]},{\"@type\":\"WebSite\",\"@id\":\"https:\\\/\\\/opg-rakovac.hr\\\/it\\\/#website\",\"url\":\"https:\\\/\\\/opg-rakovac.hr\\\/it\\\/\",\"name\":\"OPG Rakovac\",\"description\":\"Istarsko ekstra djevi\u010dansko maslinovo ulje Bilini\",\"publisher\":{\"@id\":\"https:\\\/\\\/opg-rakovac.hr\\\/it\\\/#organization\"},\"inLanguage\":\"it-IT\"},{\"@type\":\"Organization\",\"@id\":\"https:\\\/\\\/opg-rakovac.hr\\\/it\\\/#organization\",\"name\":\"OPG Rakovac\",\"url\":\"https:\\\/\\\/opg-rakovac.hr\\\/it\\\/\",\"logo\":{\"@type\":\"ImageObject\",\"inLanguage\":\"it-IT\",\"@id\":\"https:\\\/\\\/opg-rakovac.hr\\\/it\\\/#\\\/schema\\\/logo\\\/image\\\/\",\"url\":\"https:\\\/\\\/opg-rakovac.hr\\\/wp-content\\\/uploads\\\/2015\\\/12\\\/favicon.png\",\"contentUrl\":\"https:\\\/\\\/opg-rakovac.hr\\\/wp-content\\\/uploads\\\/2015\\\/12\\\/favicon.png\",\"width\":200,\"height\":200,\"caption\":\"OPG Rakovac\"},\"image\":{\"@id\":\"https:\\\/\\\/opg-rakovac.hr\\\/it\\\/#\\\/schema\\\/logo\\\/image\\\/\"},\"sameAs\":[\"https:\\\/\\\/www.facebook.com\\\/Ekstra.djevicansko.maslinovo.ulje.Bilini\\\/\",\"https:\\\/\\\/www.instagram.com\\\/bilini_maslinovo_ulje\\\/\",\"https:\\\/\\\/hr.linkedin.com\\\/in\\\/bilini\",\"https:\\\/\\\/www.pinterest.com\\\/Bilini_OliveOil\\\/\",\"https:\\\/\\\/www.youtube.com\\\/channel\\\/UC7hfzAtwp1YOvhlmwNYkyQw\"]},{\"@type\":\"Person\",\"@id\":\"https:\\\/\\\/opg-rakovac.hr\\\/it\\\/#\\\/schema\\\/person\\\/144d2cd7fe877474e322c4ffe1ea30d7\",\"name\":\"Sa\u0161a\",\"description\":\"Vedrana is the owner of our family farm. But I am sheer power! :) The guy who does all the physical work in olive groves with a little help of my friends (tractors). :)\",\"sameAs\":[\"https:\\\/\\\/opg-rakovac.hr\"],\"url\":\"https:\\\/\\\/opg-rakovac.hr\\\/it\\\/author\\\/admin\\\/\"}]}<\/script>\n<!-- \/ Yoast SEO plugin. -->","yoast_head_json":{"title":"Frantoio - cultivar di olive negli uliveti dell'azienda agricola Rakovac","description":"Tra le tante variet\u00e0 presenti negli oliveti dell'azienda agricola di famiglia Rakovac, c'\u00e8 anche la cultivar introdotta Frantoio","robots":{"index":"index","follow":"follow","max-snippet":"max-snippet:-1","max-image-preview":"max-image-preview:large","max-video-preview":"max-video-preview:-1"},"canonical":"https:\/\/opg-rakovac.hr\/it\/blog\/coltivazione-di-olive\/frantoio\/","og_locale":"it_IT","og_type":"article","og_title":"Frantoio - cultivar di olive negli uliveti dell'azienda agricola Rakovac","og_description":"Tra le tante variet\u00e0 presenti negli oliveti dell'azienda agricola di famiglia Rakovac, c'\u00e8 anche la cultivar introdotta Frantoio","og_url":"https:\/\/opg-rakovac.hr\/it\/blog\/coltivazione-di-olive\/frantoio\/","og_site_name":"OPG Rakovac","article_publisher":"https:\/\/www.facebook.com\/Ekstra.djevicansko.maslinovo.ulje.Bilini\/","article_published_time":"2020-08-30T12:58:52+00:00","article_modified_time":"2021-01-02T13:17:09+00:00","og_image":[{"width":393,"height":290,"url":"https:\/\/opg-rakovac.hr\/wp-content\/uploads\/2020\/08\/frantoio_cover.jpg","type":"image\/jpeg"}],"author":"Sa\u0161a","twitter_card":"summary_large_image","twitter_misc":{"Scritto da":"Sa\u0161a","Tempo di lettura stimato":"2 minuti"},"schema":{"@context":"https:\/\/schema.org","@graph":[{"@type":"Article","@id":"https:\/\/opg-rakovac.hr\/it\/blog\/coltivazione-di-olive\/frantoio\/#article","isPartOf":{"@id":"https:\/\/opg-rakovac.hr\/it\/blog\/coltivazione-di-olive\/frantoio\/"},"author":{"name":"Sa\u0161a","@id":"https:\/\/opg-rakovac.hr\/it\/#\/schema\/person\/144d2cd7fe877474e322c4ffe1ea30d7"},"headline":"Cultivar di olivo negli oliveti dell&#8217;azienda agricola di famiglia Rakovac: Frantoio","datePublished":"2020-08-30T12:58:52+00:00","dateModified":"2021-01-02T13:17:09+00:00","mainEntityOfPage":{"@id":"https:\/\/opg-rakovac.hr\/it\/blog\/coltivazione-di-olive\/frantoio\/"},"wordCount":333,"commentCount":0,"publisher":{"@id":"https:\/\/opg-rakovac.hr\/it\/#organization"},"image":{"@id":"https:\/\/opg-rakovac.hr\/it\/blog\/coltivazione-di-olive\/frantoio\/#primaryimage"},"thumbnailUrl":"https:\/\/opg-rakovac.hr\/wp-content\/uploads\/2020\/08\/frantoio-e1598774043431.webp","keywords":["bilini"],"articleSection":["Coltivazione di olive"],"inLanguage":"it-IT","potentialAction":[{"@type":"CommentAction","name":"Comment","target":["https:\/\/opg-rakovac.hr\/it\/blog\/coltivazione-di-olive\/frantoio\/#respond"]}]},{"@type":"WebPage","@id":"https:\/\/opg-rakovac.hr\/it\/blog\/coltivazione-di-olive\/frantoio\/","url":"https:\/\/opg-rakovac.hr\/it\/blog\/coltivazione-di-olive\/frantoio\/","name":"Frantoio - cultivar di olive negli uliveti dell'azienda agricola Rakovac","isPartOf":{"@id":"https:\/\/opg-rakovac.hr\/it\/#website"},"primaryImageOfPage":{"@id":"https:\/\/opg-rakovac.hr\/it\/blog\/coltivazione-di-olive\/frantoio\/#primaryimage"},"image":{"@id":"https:\/\/opg-rakovac.hr\/it\/blog\/coltivazione-di-olive\/frantoio\/#primaryimage"},"thumbnailUrl":"https:\/\/opg-rakovac.hr\/wp-content\/uploads\/2020\/08\/frantoio-e1598774043431.webp","datePublished":"2020-08-30T12:58:52+00:00","dateModified":"2021-01-02T13:17:09+00:00","description":"Tra le tante variet\u00e0 presenti negli oliveti dell'azienda agricola di famiglia Rakovac, c'\u00e8 anche la cultivar introdotta Frantoio","breadcrumb":{"@id":"https:\/\/opg-rakovac.hr\/it\/blog\/coltivazione-di-olive\/frantoio\/#breadcrumb"},"inLanguage":"it-IT","potentialAction":[{"@type":"ReadAction","target":["https:\/\/opg-rakovac.hr\/it\/blog\/coltivazione-di-olive\/frantoio\/"]}]},{"@type":"ImageObject","inLanguage":"it-IT","@id":"https:\/\/opg-rakovac.hr\/it\/blog\/coltivazione-di-olive\/frantoio\/#primaryimage","url":"https:\/\/opg-rakovac.hr\/wp-content\/uploads\/2020\/08\/frantoio-e1598774043431.webp","contentUrl":"https:\/\/opg-rakovac.hr\/wp-content\/uploads\/2020\/08\/frantoio-e1598774043431.webp","width":1000,"height":563,"caption":"frantoio"},{"@type":"BreadcrumbList","@id":"https:\/\/opg-rakovac.hr\/it\/blog\/coltivazione-di-olive\/frantoio\/#breadcrumb","itemListElement":[{"@type":"ListItem","position":1,"name":"Homepage","item":"https:\/\/opg-rakovac.hr\/it\/"},{"@type":"ListItem","position":2,"name":"Cultivar di olivo negli oliveti dell&#8217;azienda agricola di famiglia Rakovac: Frantoio"}]},{"@type":"WebSite","@id":"https:\/\/opg-rakovac.hr\/it\/#website","url":"https:\/\/opg-rakovac.hr\/it\/","name":"OPG Rakovac","description":"Istarsko ekstra djevi\u010dansko maslinovo ulje Bilini","publisher":{"@id":"https:\/\/opg-rakovac.hr\/it\/#organization"},"inLanguage":"it-IT"},{"@type":"Organization","@id":"https:\/\/opg-rakovac.hr\/it\/#organization","name":"OPG Rakovac","url":"https:\/\/opg-rakovac.hr\/it\/","logo":{"@type":"ImageObject","inLanguage":"it-IT","@id":"https:\/\/opg-rakovac.hr\/it\/#\/schema\/logo\/image\/","url":"https:\/\/opg-rakovac.hr\/wp-content\/uploads\/2015\/12\/favicon.png","contentUrl":"https:\/\/opg-rakovac.hr\/wp-content\/uploads\/2015\/12\/favicon.png","width":200,"height":200,"caption":"OPG Rakovac"},"image":{"@id":"https:\/\/opg-rakovac.hr\/it\/#\/schema\/logo\/image\/"},"sameAs":["https:\/\/www.facebook.com\/Ekstra.djevicansko.maslinovo.ulje.Bilini\/","https:\/\/www.instagram.com\/bilini_maslinovo_ulje\/","https:\/\/hr.linkedin.com\/in\/bilini","https:\/\/www.pinterest.com\/Bilini_OliveOil\/","https:\/\/www.youtube.com\/channel\/UC7hfzAtwp1YOvhlmwNYkyQw"]},{"@type":"Person","@id":"https:\/\/opg-rakovac.hr\/it\/#\/schema\/person\/144d2cd7fe877474e322c4ffe1ea30d7","name":"Sa\u0161a","description":"Vedrana is the owner of our family farm. But I am sheer power! :) The guy who does all the physical work in olive groves with a little help of my friends (tractors). :)","sameAs":["https:\/\/opg-rakovac.hr"],"url":"https:\/\/opg-rakovac.hr\/it\/author\/admin\/"}]}},"_links":{"self":[{"href":"https:\/\/opg-rakovac.hr\/it\/wp-json\/wp\/v2\/posts\/14175","targetHints":{"allow":["GET"]}}],"collection":[{"href":"https:\/\/opg-rakovac.hr\/it\/wp-json\/wp\/v2\/posts"}],"about":[{"href":"https:\/\/opg-rakovac.hr\/it\/wp-json\/wp\/v2\/types\/post"}],"author":[{"embeddable":true,"href":"https:\/\/opg-rakovac.hr\/it\/wp-json\/wp\/v2\/users\/1"}],"replies":[{"embeddable":true,"href":"https:\/\/opg-rakovac.hr\/it\/wp-json\/wp\/v2\/comments?post=14175"}],"version-history":[{"count":3,"href":"https:\/\/opg-rakovac.hr\/it\/wp-json\/wp\/v2\/posts\/14175\/revisions"}],"predecessor-version":[{"id":14178,"href":"https:\/\/opg-rakovac.hr\/it\/wp-json\/wp\/v2\/posts\/14175\/revisions\/14178"}],"wp:featuredmedia":[{"embeddable":true,"href":"https:\/\/opg-rakovac.hr\/it\/wp-json\/wp\/v2\/media\/17472"}],"wp:attachment":[{"href":"https:\/\/opg-rakovac.hr\/it\/wp-json\/wp\/v2\/media?parent=14175"}],"wp:term":[{"taxonomy":"category","embeddable":true,"href":"https:\/\/opg-rakovac.hr\/it\/wp-json\/wp\/v2\/categories?post=14175"},{"taxonomy":"post_tag","embeddable":true,"href":"https:\/\/opg-rakovac.hr\/it\/wp-json\/wp\/v2\/tags?post=14175"}],"curies":[{"name":"wp","href":"https:\/\/api.w.org\/{rel}","templated":true}]}}