{"id":17098,"date":"2022-11-05T12:14:41","date_gmt":"2022-11-05T12:14:41","guid":{"rendered":"https:\/\/opg-rakovac.hr\/?p=17098"},"modified":"2024-11-07T16:52:19","modified_gmt":"2024-11-07T15:52:19","slug":"frisch-gepresstes-natives-olivenoel-extra","status":"publish","type":"post","link":"https:\/\/opg-rakovac.hr\/de\/blog\/olivenoel-bilini\/frisch-gepresstes-natives-olivenoel-extra\/","title":{"rendered":"Frisch gepresstes natives Oliven\u00f6l extra Bilini &#8211; Ernte 2022"},"content":{"rendered":"<p>Das native Oliven\u00f6l extra der neuen Saison ist da! Die Ernte 2022 ist vorbei und wir haben <strong>frisch gepresstes natives Oliven\u00f6l extra<\/strong> Bilini in Premiumqualit\u00e4t.<\/p>\n<figure id=\"attachment_17034\" aria-describedby=\"caption-attachment-17034\" style=\"width: 300px\" class=\"wp-caption aligncenter\"><a href=\"https:\/\/opg-rakovac.hr\/wp-content\/uploads\/2022\/11\/mlado-ekstra-djevicansko-maslinovo-ulje-1-300x300.webp\" class=\"fancybox\"><img decoding=\"async\" class=\"wp-image-17034 size-medium\" title=\"Frisch gepresstes natives Oliven\u00f6l extra Bilini\" src=\"https:\/\/opg-rakovac.hr\/wp-content\/uploads\/2022\/11\/mlado-ekstra-djevicansko-maslinovo-ulje-1-300x300.webp\" alt=\"Frisch gepresstes natives Oliven\u00f6l extra\" width=\"300\" height=\"300\" srcset=\"https:\/\/opg-rakovac.hr\/wp-content\/uploads\/2022\/11\/mlado-ekstra-djevicansko-maslinovo-ulje-1-300x300.webp 300w, https:\/\/opg-rakovac.hr\/wp-content\/uploads\/2022\/11\/mlado-ekstra-djevicansko-maslinovo-ulje-1-150x150.webp 150w, https:\/\/opg-rakovac.hr\/wp-content\/uploads\/2022\/11\/mlado-ekstra-djevicansko-maslinovo-ulje-1-500x500.webp 500w, https:\/\/opg-rakovac.hr\/wp-content\/uploads\/2022\/11\/mlado-ekstra-djevicansko-maslinovo-ulje-1-200x200.webp 200w, https:\/\/opg-rakovac.hr\/wp-content\/uploads\/2022\/11\/mlado-ekstra-djevicansko-maslinovo-ulje-1-230x230.webp 230w, https:\/\/opg-rakovac.hr\/wp-content\/uploads\/2022\/11\/mlado-ekstra-djevicansko-maslinovo-ulje-1-600x600.webp 600w, https:\/\/opg-rakovac.hr\/wp-content\/uploads\/2022\/11\/mlado-ekstra-djevicansko-maslinovo-ulje-1-635x635.webp 635w, https:\/\/opg-rakovac.hr\/wp-content\/uploads\/2022\/11\/mlado-ekstra-djevicansko-maslinovo-ulje-1-292x292.webp 292w, https:\/\/opg-rakovac.hr\/wp-content\/uploads\/2022\/11\/mlado-ekstra-djevicansko-maslinovo-ulje-1-324x324.webp 324w, https:\/\/opg-rakovac.hr\/wp-content\/uploads\/2022\/11\/mlado-ekstra-djevicansko-maslinovo-ulje-1-416x416.webp 416w, https:\/\/opg-rakovac.hr\/wp-content\/uploads\/2022\/11\/mlado-ekstra-djevicansko-maslinovo-ulje-1-100x100.webp 100w, https:\/\/opg-rakovac.hr\/wp-content\/uploads\/2022\/11\/mlado-ekstra-djevicansko-maslinovo-ulje-1.webp 707w\" sizes=\"(max-width: 300px) 100vw, 300px\" \/><\/a><figcaption id=\"caption-attachment-17034\" class=\"wp-caption-text\">Frisch gepresstes natives Oliven\u00f6l extra Bilini<\/figcaption><\/figure>\n<div class=\"cta-link animate animate--sm\">\n\t<div class=\"btn-wrapper text-center\">\n\t\t<a href=\"https:\/\/opg-rakovac.hr\/de\/shop\/\" class=\"btn btn-primary\">\n\t\t\tBestellen Sie jetzt!\t\t<\/a>\n\t<\/div>\n<\/div>\n<p>Lesen Sie, wie die diesj\u00e4hrige Ernte f\u00fcr uns verlaufen ist \ud83d\udc47<\/p>\n<p><img decoding=\"async\" class=\"aligncenter wp-image-12503 size-full\" src=\"https:\/\/opg-rakovac.hr\/wp-content\/uploads\/2019\/10\/Translated-with-Google-Translate-DE-1-e1583257500515.png\" alt=\"\" width=\"150\" height=\"71\" \/><\/p>\n<h2 class=\"section-header\" class=\"section-header\">Zubereitung von Olivenhainen<\/h2>\n<p>Bevor die Ernte beginnt und bevor wir extra natives Oliven\u00f6l der neuen Saison gewinnen, m\u00fcssen die Olivenhaine vorbereitet werden. Dies kann eine ziemlich anspruchsvolle Aufgabe sein, wenn wir es mit Hektar Land zu tun haben. Eines vorweg: Sie sollten nicht viel vor dem geplanten Erntebeginn mit dem M\u00e4hen beginnen, denn \u2013 in \u00fcberdurchschnittlich warmen Jahren \u2013 kann das Gras vom M\u00e4htag bis zur Ernte deutlich wachsen.<\/p>\n<p>Mein diesj\u00e4hriger Olivenhain-Vorbereitungsplan sah folgenderma\u00dfen aus.<\/p>\n<h3>Vorbereitungsplan vor der Ernte<\/h3>\n<p>\u2705 Entfernen von Steinen aus <a href=\"https:\/\/opg-rakovac.hr\/de\/gallerie\/fotos\/der-olivenhain-zacrikva\/\" target=\"_blank\" rel=\"noopener\">unserem Olivenhain Zacrikva<\/a>. Bei jedem Pfl\u00fcgen treiben neue gr\u00f6\u00dfere und kleinere Steine \u200b\u200ban die Oberfl\u00e4che. Schauen Sie sich nur den Haufen an, der \u00fcber ein paar Jahre aus diesem Olivenhain entnommen wurde:<\/p>\n<figure id=\"attachment_17042\" aria-describedby=\"caption-attachment-17042\" style=\"width: 300px\" class=\"wp-caption aligncenter\"><a href=\"https:\/\/opg-rakovac.hr\/wp-content\/uploads\/2022\/11\/20221030_075808-e1667490377792.webp\" class=\"fancybox\"><img decoding=\"async\" class=\"wp-image-17042 size-medium\" title=\"Felsen aus unserem Olivenhain Zacrikva\" src=\"https:\/\/opg-rakovac.hr\/wp-content\/uploads\/2022\/11\/20221030_075808-e1667490377792-300x169.webp\" alt=\"Steine \u200b\u200baus einem Olivenhain\" width=\"300\" height=\"169\" srcset=\"https:\/\/opg-rakovac.hr\/wp-content\/uploads\/2022\/11\/20221030_075808-e1667490377792-300x169.webp 300w, https:\/\/opg-rakovac.hr\/wp-content\/uploads\/2022\/11\/20221030_075808-e1667490377792-768x433.webp 768w, https:\/\/opg-rakovac.hr\/wp-content\/uploads\/2022\/11\/20221030_075808-e1667490377792-570x320.webp 570w, https:\/\/opg-rakovac.hr\/wp-content\/uploads\/2022\/11\/20221030_075808-e1667490377792-230x130.webp 230w, https:\/\/opg-rakovac.hr\/wp-content\/uploads\/2022\/11\/20221030_075808-e1667490377792-324x183.webp 324w, https:\/\/opg-rakovac.hr\/wp-content\/uploads\/2022\/11\/20221030_075808-e1667490377792-416x234.webp 416w, https:\/\/opg-rakovac.hr\/wp-content\/uploads\/2022\/11\/20221030_075808-e1667490377792.webp 900w\" sizes=\"(max-width: 300px) 100vw, 300px\" \/><\/a><figcaption id=\"caption-attachment-17042\" class=\"wp-caption-text\">Felsen aus unserem Olivenhain Zacrikva<\/figcaption><\/figure>\n<p>\u2705 M\u00e4hen der Olivenhaine. Zuerst mit einem Traktor den Hauptteil des Landes zwischen Olivenb\u00e4umen m\u00e4hen. Verwenden Sie dann einen Trimmer, um den Rest des Grases zu schneiden.<\/p>\n<p>\u2705 Abschneiden der Triebe, die aus den Wurzeln wachsen, damit wir bei der Ernte alle B\u00e4ume sch\u00f6n mit Netzen umwickeln k\u00f6nnen.<\/p>\n<p>Leider kann nicht immer alles nach Plan laufen:<\/p>\n<p>\u274c W\u00e4hrend des M\u00e4hens <a href=\"https:\/\/opg-rakovac.hr\/de\/gallerie\/fotos\/der-olivenhain-pricrikva-zatrsina\/\" target=\"_blank\" rel=\"noopener\">unseres jungen Olivenhains<\/a> passierte mir eine Reihe ungl\u00fccklicher Umst\u00e4nde. Zuerst brach mein Trimmer zusammen. Dann, als ich den Trimmer herunternahm, trat ich auf einen Dorn. Gerade als ich meinen Turnschuh ausziehen wollte, um den Dorn zu entfernen, trat ich in eine grasbewachsene Grube. Mein Knie tut davon immer noch weh. Wir haben in Istrien ein Sprichwort: \u201eDer Teufel schei*t immer auf eine gro\u00dfe Tasse\u201c. Da ich an diesem Tag das Gras nicht mehr m\u00e4hen konnte, begann ich mit dem Entfernen der Triebe von Olivenb\u00e4umen. Ich kam zu einem unserer \u00e4ltesten Bu\u017ea-B\u00e4ume und &#8211; w\u00e4hrend der Arbeit &#8211; musste ich niesen. Zwei Sekunden sp\u00e4ter knallte mir etwas ins Gesicht. Ich hatte den Eindruck, dass es ein kleinerer Vogel war.<\/p>\n<p>Und dann fingen die Schmerzen in der Stirn an. Dann h\u00f6rte ich ein Summen um mich herum. Es waren Hornissen. Besser gesagt: ein ganzes Wespennest im Hohlraum dieses Baumes. Sie wurden wahrscheinlich durch mein Niesen in einer ansonsten v\u00f6llig ruhigen Umgebung gest\u00f6rt.<\/p>\n<h2 class=\"section-header\" class=\"section-header\">Olivenernte 2022<\/h2>\n<p>Wir haben alle Schwierigkeiten \u00fcberstanden und am 18. Oktober mit der Ernte begonnen. Die diesj\u00e4hrige Ernte wird mir als eine der sch\u00f6nsten in Erinnerung bleiben. Die Arbeit war hart, wie jedes Jahr. Netze ausbreiten, Oliven pfl\u00fccken, 100.000 Schritte am Tag machen. Aber&#8230;<\/p>\n<p>Wir hatten w\u00e4hrend der gesamten Ernte fantastisches Wetter. Wir hatten das Gef\u00fchl, es sei Sp\u00e4tsommer und nicht Herbst. Die Temperatur war jeden Tag um die 25\u00baC. Es war sogar manchmal zu hei\u00df!<\/p>\n<p>Auch mit dem Obst hatten wir dieses Jahr gro\u00dfes Gl\u00fcck: es ist sehr gesund = es gab keine Olivenfliege. Schauen Sie sich nur an, wie sch\u00f6n diese &#8222;Murmeln&#8220; sind \ud83d\udc47<\/p>\n\n\t\t\t<ul class='galerija list-inline list-unstyled fancybox-show-nav'>\n\n\t\t\t\t\n\t\t\t\t<li class=\"col-md-4 col-sm-6 col-xs-4 thumb-wrapper\">\n\t\t\t\t\t<a class=\"fancybox\" data-fancybox=\"frisch+gepresstes+natives+oliven%c3%b6l+extra+bilini+%26%238211%3b+ernte+2022\" data-caption=\"Olivenfrucht\" href=\"https:\/\/opg-rakovac.hr\/wp-content\/uploads\/2022\/11\/20221020_104943-800x800.webp\" data-title=\"Olivenfrucht\">\n\t\t\t\t\t\t<img decoding=\"async\" class=\"thumb img-responsive\" src=\"https:\/\/opg-rakovac.hr\/wp-content\/uploads\/2022\/11\/20221020_104943-365x270.webp\" alt=\"Olivenfrucht\">\n\t\t\t\t\t<\/a>\n\t\t\t\t<\/li>\n\n\t\t\t\t\n\t\t\t\t<li class=\"col-md-4 col-sm-6 col-xs-4 thumb-wrapper\">\n\t\t\t\t\t<a class=\"fancybox\" data-fancybox=\"frisch+gepresstes+natives+oliven%c3%b6l+extra+bilini+%26%238211%3b+ernte+2022\" data-caption=\"Leccino-Oliven\" href=\"https:\/\/opg-rakovac.hr\/wp-content\/uploads\/2022\/11\/20221021_131653-800x800.webp\" data-title=\"Leccino-Oliven\">\n\t\t\t\t\t\t<img decoding=\"async\" class=\"thumb img-responsive\" src=\"https:\/\/opg-rakovac.hr\/wp-content\/uploads\/2022\/11\/20221021_131653-365x270.webp\" alt=\"Leccino-Oliven\">\n\t\t\t\t\t<\/a>\n\t\t\t\t<\/li>\n\n\t\t\t\t\n\t\t\t\t<li class=\"col-md-4 col-sm-6 col-xs-4 thumb-wrapper\">\n\t\t\t\t\t<a class=\"fancybox\" data-fancybox=\"frisch+gepresstes+natives+oliven%c3%b6l+extra+bilini+%26%238211%3b+ernte+2022\" data-caption=\"Olivenfrucht\" href=\"https:\/\/opg-rakovac.hr\/wp-content\/uploads\/2022\/11\/20221020_111012-800x800.webp\" data-title=\"Olivenfrucht\">\n\t\t\t\t\t\t<img decoding=\"async\" class=\"thumb img-responsive\" src=\"https:\/\/opg-rakovac.hr\/wp-content\/uploads\/2022\/11\/20221020_111012-365x270.webp\" alt=\"Olivenfrucht\">\n\t\t\t\t\t<\/a>\n\t\t\t\t<\/li>\n\n\t\t\t\t\t\t\t<\/ul>\n\t\t\t\n<h2 class=\"section-header\" class=\"section-header\">Wie viel \u00d6l haben die Oliven dieses Jahr gebracht?<\/h2>\n<p>Auch die Ausbeute\u00b9 war ausgezeichnet! Die Ernte war also nicht nur reich an gesunden Fr\u00fcchten, sondern auch mit herrlichem Wetter. Die Oliven haben dieses Jahr etwa 15% Oliven\u00f6l geliefert, was f\u00fcr uns ein Volltreffer ist! (wir sind eine Ausbeute von ca. 10% gewohnt)<\/p>\n<figure id=\"attachment_17062\" aria-describedby=\"caption-attachment-17062\" style=\"width: 300px\" class=\"wp-caption aligncenter\"><a href=\"https:\/\/opg-rakovac.hr\/wp-content\/uploads\/2022\/11\/20221018_123437-300x300.webp\" class=\"fancybox\"><img decoding=\"async\" class=\"wp-image-17062 size-medium\" title=\"Die Sorte istarska bjelica lieferte einen besonders hohen \u00d6lanteil\" src=\"https:\/\/opg-rakovac.hr\/wp-content\/uploads\/2022\/11\/20221018_123437-300x300.webp\" alt=\"istarska bjelica\" width=\"300\" height=\"300\" srcset=\"https:\/\/opg-rakovac.hr\/wp-content\/uploads\/2022\/11\/20221018_123437-300x300.webp 300w, https:\/\/opg-rakovac.hr\/wp-content\/uploads\/2022\/11\/20221018_123437-150x150.webp 150w, https:\/\/opg-rakovac.hr\/wp-content\/uploads\/2022\/11\/20221018_123437-768x768.webp 768w, https:\/\/opg-rakovac.hr\/wp-content\/uploads\/2022\/11\/20221018_123437-800x800.webp 800w, https:\/\/opg-rakovac.hr\/wp-content\/uploads\/2022\/11\/20221018_123437-500x500.webp 500w, https:\/\/opg-rakovac.hr\/wp-content\/uploads\/2022\/11\/20221018_123437-200x200.webp 200w, https:\/\/opg-rakovac.hr\/wp-content\/uploads\/2022\/11\/20221018_123437-230x230.webp 230w, https:\/\/opg-rakovac.hr\/wp-content\/uploads\/2022\/11\/20221018_123437-600x600.webp 600w, https:\/\/opg-rakovac.hr\/wp-content\/uploads\/2022\/11\/20221018_123437-635x635.webp 635w, https:\/\/opg-rakovac.hr\/wp-content\/uploads\/2022\/11\/20221018_123437-292x292.webp 292w, https:\/\/opg-rakovac.hr\/wp-content\/uploads\/2022\/11\/20221018_123437-324x324.webp 324w, https:\/\/opg-rakovac.hr\/wp-content\/uploads\/2022\/11\/20221018_123437-416x416.webp 416w, https:\/\/opg-rakovac.hr\/wp-content\/uploads\/2022\/11\/20221018_123437-100x100.webp 100w, https:\/\/opg-rakovac.hr\/wp-content\/uploads\/2022\/11\/20221018_123437.webp 1000w\" sizes=\"(max-width: 300px) 100vw, 300px\" \/><\/a><figcaption id=\"caption-attachment-17062\" class=\"wp-caption-text\">Die Sorte istarska bjelica lieferte einen besonders hohen \u00d6lanteil<\/figcaption><\/figure>\n<h2 class=\"section-header\" class=\"section-header\">Frisch gepresstes natives Oliven\u00f6l extra Bilini<\/h2>\n<p>Jeden Tag, unmittelbar nach der Ernte, fuhren wir unsere Oliven zur Verarbeitung zu den besten istrischen \u00d6lm\u00fchlen (<a href=\"https:\/\/www.grubic.hr\/home\" target=\"_blank\" rel=\"noopener\">Grubi\u0107<\/a>, Nonno Bruno). An manchen Tagen machten wir drei Touren zu den Olivenm\u00fchlen. In diesem Jahr waren die \u00d6lm\u00fchlen &#8222;\u00fcberbucht&#8220;, also musste \u201eman\u00f6vriert\u201c werden, um dort einen freien Container zum Abladen unserer Oliven zu erwischen.<\/p>\n<p>Auch das ist uns gelungen. Und unser treuer Mazda Premacy zog weitere 8,5 Tonnen Oliven aus dem Dorf Rakovci zu den \u00d6lm\u00fchlen.<\/p>\n<p><a href=\"https:\/\/opg-rakovac.hr\/wp-content\/uploads\/2022\/11\/20221031_133233-300x169.webp\" class=\"fancybox\"><img decoding=\"async\" class=\"aligncenter wp-image-17074 size-medium\" src=\"https:\/\/opg-rakovac.hr\/wp-content\/uploads\/2022\/11\/20221031_133233-300x169.webp\" alt=\"mazda premacy\" width=\"300\" height=\"169\" srcset=\"https:\/\/opg-rakovac.hr\/wp-content\/uploads\/2022\/11\/20221031_133233-300x169.webp 300w, https:\/\/opg-rakovac.hr\/wp-content\/uploads\/2022\/11\/20221031_133233-1024x576.webp 1024w, https:\/\/opg-rakovac.hr\/wp-content\/uploads\/2022\/11\/20221031_133233-768x432.webp 768w, https:\/\/opg-rakovac.hr\/wp-content\/uploads\/2022\/11\/20221031_133233-570x320.webp 570w, https:\/\/opg-rakovac.hr\/wp-content\/uploads\/2022\/11\/20221031_133233-230x129.webp 230w, https:\/\/opg-rakovac.hr\/wp-content\/uploads\/2022\/11\/20221031_133233-1066x600.webp 1066w, https:\/\/opg-rakovac.hr\/wp-content\/uploads\/2022\/11\/20221031_133233-324x182.webp 324w, https:\/\/opg-rakovac.hr\/wp-content\/uploads\/2022\/11\/20221031_133233-416x234.webp 416w, https:\/\/opg-rakovac.hr\/wp-content\/uploads\/2022\/11\/20221031_133233.webp 1100w\" sizes=\"(max-width: 300px) 100vw, 300px\" \/><\/a><\/p>\n<p>Und nach 9 harten Tagen und Arbeit von morgens bis abends haben wir unser extra natives Oliven\u00f6l Bilini der neuen Saison in F\u00e4ssern gelagert. Seine sch\u00f6ne gr\u00fcne Farbe\u00b2, sein fruchtiges Aroma und sein wunderbar harmonischer Geschmack mit Bitterkeit und Sch\u00e4rfe lassen uns erahnen, dass natives Oliven\u00f6l extra Bilini auch in diesem Jahr Anerkennung und Auszeichnungen erhalten k\u00f6nnte \ud83c\udfc6<\/p>\n<p>Ich konnte nicht l\u00e4nger warten&#8230; Sobald ich die ersten 30 Liter Bilini-\u00d6l nach Hause gebracht hatte, goss ich mir eine Probe zum Riechen und Schmecken ein:<\/p>\n<p><div class=\"embed-responsive embed-responsive-16by9\"><iframe loading=\"lazy\" title=\"Mlado ekstra djevi\u010dansko maslinovo ulje Bilini (Berba 2022.)\" src=\"https:\/\/www.youtube.com\/embed\/3kzdGZ3EyY0\" width=\"653\" height=\"1161\" frameborder=\"0\" allowfullscreen=\"allowfullscreen\" data-mce-fragment=\"1\"><\/iframe><\/div><\/p>\n<p>Wenn Sie das extra native Oliven\u00f6l Bilini der neuen Saison probieren m\u00f6chten, klicken Sie auf die Schaltfl\u00e4che unten und w\u00e4hlen Sie das gew\u00fcnschte Paket in unserem Webshop!<\/p>\n<div class=\"cta-link animate animate--sm\">\n\t<div class=\"btn-wrapper text-center\">\n\t\t<a href=\"https:\/\/opg-rakovac.hr\/de\/shop\/\" class=\"btn btn-primary\">\n\t\t\tBestellen Sie jetzt!\t\t<\/a>\n\t<\/div>\n<\/div>\n<h2 class=\"section-header\" class=\"section-header\">Der Preis des diesj\u00e4hrigen nativen Oliven\u00f6ls extra Bilini<\/h2>\n<p>Wir haben gute Nachrichten f\u00fcr Sie. Trotz der Preiserh\u00f6hung von &#8230; naja, allem, haben wir uns entschieden, die Preise f\u00fcr unser Oliven\u00f6l nicht zu erh\u00f6hen. Daher bleiben die Preise f\u00fcr natives Oliven\u00f6l extra Bilini unver\u00e4ndert. \ud83d\ude0a<\/p>\n<hr \/>\n<hr \/>\n<p>\u00b9 Die <strong>\u00d6lausbeute<\/strong> aus verarbeiteten Oliven wird wie folgt berechnet: Wenn eine Tonne Oliven 11 % \u00d6l ergibt, bedeutet dies, dass wir 110 Kilogramm \u00d6l pro Tonne Oliven erhalten. Achtung: Ein Liter und ein Kilogramm Oliven\u00f6l sind nicht dasselbe. Um zu berechnen, wie viele Liter wir aus dem gegebenen Beispiel bekommen: 110 kg \u00d6l m\u00fcssten mit 1.085 multipliziert werden \ud83d\udc49 schlie\u00dflich kommen wir auf 119,35 Liter Oliven\u00f6l aus 1 Tonne Oliven.<\/p>\n<p>\u00b2 Die <strong>gr\u00fcne Farbe<\/strong> in frischem nativem Oliven\u00f6l extra kommt haupts\u00e4chlich vom Chlorophyll der Oliven. Durch das periodische Nachgie\u00dfen von Oliven\u00f6l im Laufe des Jahres sowie den Prozess der \u00d6lreifung verschwindet die gr\u00fcne Farbe allm\u00e4hlich. Deshalb &#8211; wenn Sie grasgr\u00fcn gef\u00e4rbtes \u00d6l w\u00fcnschen \ud83d\ude0a bestellen Sie es jetzt.<\/p>\n<hr \/>\n<p>Haben Sie Fragen zu diesem Artikel? <a href=\"https:\/\/opg-rakovac.hr\/de\/kontakt\/\">Kontaktiere uns<\/a>!<\/p>\n","protected":false},"excerpt":{"rendered":"<p>Das native Oliven\u00f6l extra der neuen Saison ist da! Die Ernte 2022 ist vorbei und wir haben frisch gepresstes natives Oliven\u00f6l extra Bilini in Premiumqualit\u00e4t. Lesen Sie, wie die diesj\u00e4hrige Ernte f\u00fcr uns verlaufen ist \ud83d\udc47 Zubereitung von Olivenhainen Bevor die Ernte beginnt und bevor wir extra natives Oliven\u00f6l der neuen Saison gewinnen, m\u00fcssen die [&hellip;]<\/p>\n","protected":false},"author":1,"featured_media":17036,"comment_status":"open","ping_status":"closed","sticky":false,"template":"","format":"standard","meta":{"_acf_changed":false,"h5ap_radio_sources":[],"footnotes":""},"categories":[628],"tags":[952,1201,1202],"class_list":["post-17098","post","type-post","status-publish","format-standard","has-post-thumbnail","hentry","category-olivenoel-bilini","tag-extra-natives-olivenoel","tag-frisch-gepresstes","tag-saison-2022"],"acf":[],"yoast_head":"<!-- This site is optimized with the Yoast SEO plugin v27.4 - https:\/\/yoast.com\/product\/yoast-seo-wordpress\/ -->\n<title>Frisch gepresstes natives Oliven\u00f6l extra Bilini - Ernte 2022<\/title>\n<meta name=\"description\" content=\"Frisch gepresstes natives Oliven\u00f6l extra Bilini ist da! Die Ernte 2022 ist vorbei und wir haben frisches, wundersch\u00f6nes Oliven\u00f6l\" \/>\n<meta name=\"robots\" content=\"index, follow, max-snippet:-1, max-image-preview:large, max-video-preview:-1\" \/>\n<link rel=\"canonical\" href=\"https:\/\/opg-rakovac.hr\/de\/blog\/olivenoel-bilini\/junges-olivenoel-bilini-ist-da\/\" \/>\n<meta property=\"og:locale\" content=\"de_DE\" \/>\n<meta property=\"og:type\" content=\"article\" \/>\n<meta property=\"og:title\" content=\"Frisch gepresstes natives Oliven\u00f6l extra Bilini - Ernte 2022\" \/>\n<meta property=\"og:description\" content=\"Frisch gepresstes natives Oliven\u00f6l extra Bilini ist da! Die Ernte 2022 ist vorbei und wir haben frisches, wundersch\u00f6nes Oliven\u00f6l\" \/>\n<meta property=\"og:url\" content=\"https:\/\/opg-rakovac.hr\/de\/blog\/olivenoel-bilini\/junges-olivenoel-bilini-ist-da\/\" \/>\n<meta property=\"og:site_name\" content=\"OPG Rakovac\" \/>\n<meta property=\"article:publisher\" content=\"https:\/\/www.facebook.com\/Ekstra.djevicansko.maslinovo.ulje.Bilini\/\" \/>\n<meta property=\"article:published_time\" content=\"2022-11-05T12:14:41+00:00\" \/>\n<meta property=\"article:modified_time\" content=\"2024-11-07T15:52:19+00:00\" \/>\n<meta property=\"og:image\" content=\"https:\/\/opg-rakovac.hr\/wp-content\/uploads\/2022\/11\/mlado-ekstra-djevicansko-maslinovo-ulje-1.webp\" \/>\n\t<meta property=\"og:image:width\" content=\"707\" \/>\n\t<meta property=\"og:image:height\" content=\"707\" \/>\n\t<meta property=\"og:image:type\" content=\"image\/webp\" \/>\n<meta name=\"author\" content=\"Sa\u0161a\" \/>\n<meta name=\"twitter:card\" content=\"summary_large_image\" \/>\n<meta name=\"twitter:label1\" content=\"Verfasst von\" \/>\n\t<meta name=\"twitter:data1\" content=\"Sa\u0161a\" \/>\n\t<meta name=\"twitter:label2\" content=\"Gesch\u00e4tzte Lesezeit\" \/>\n\t<meta name=\"twitter:data2\" content=\"7\u00a0Minuten\" \/>\n<script type=\"application\/ld+json\" class=\"yoast-schema-graph\">{\"@context\":\"https:\\\/\\\/schema.org\",\"@graph\":[{\"@type\":\"Article\",\"@id\":\"https:\\\/\\\/opg-rakovac.hr\\\/de\\\/blog\\\/olivenoel-bilini\\\/junges-olivenoel-bilini-ist-da\\\/#article\",\"isPartOf\":{\"@id\":\"https:\\\/\\\/opg-rakovac.hr\\\/de\\\/blog\\\/olivenoel-bilini\\\/frisch-gepresstes-natives-olivenoel-extra\\\/\"},\"author\":{\"name\":\"Sa\u0161a\",\"@id\":\"https:\\\/\\\/opg-rakovac.hr\\\/de\\\/#\\\/schema\\\/person\\\/144d2cd7fe877474e322c4ffe1ea30d7\"},\"headline\":\"Frisch gepresstes natives Oliven\u00f6l extra Bilini &#8211; Ernte 2022\",\"datePublished\":\"2022-11-05T12:14:41+00:00\",\"dateModified\":\"2024-11-07T15:52:19+00:00\",\"mainEntityOfPage\":{\"@id\":\"https:\\\/\\\/opg-rakovac.hr\\\/de\\\/blog\\\/olivenoel-bilini\\\/frisch-gepresstes-natives-olivenoel-extra\\\/\"},\"wordCount\":1006,\"commentCount\":0,\"publisher\":{\"@id\":\"https:\\\/\\\/opg-rakovac.hr\\\/de\\\/#organization\"},\"image\":{\"@id\":\"https:\\\/\\\/opg-rakovac.hr\\\/de\\\/blog\\\/olivenoel-bilini\\\/junges-olivenoel-bilini-ist-da\\\/#primaryimage\"},\"thumbnailUrl\":\"https:\\\/\\\/opg-rakovac.hr\\\/wp-content\\\/uploads\\\/2022\\\/11\\\/mlado-ekstra-djevicansko-maslinovo-ulje-1.webp\",\"keywords\":[\"extra natives Oliven\u00f6l\",\"frisch gepresstes\",\"saison 2022\"],\"articleSection\":[\"Oliven\u00f6l Bilini\"],\"inLanguage\":\"de\",\"potentialAction\":[{\"@type\":\"CommentAction\",\"name\":\"Comment\",\"target\":[\"https:\\\/\\\/opg-rakovac.hr\\\/de\\\/blog\\\/olivenoel-bilini\\\/junges-olivenoel-bilini-ist-da\\\/#respond\"]}]},{\"@type\":\"WebPage\",\"@id\":\"https:\\\/\\\/opg-rakovac.hr\\\/de\\\/blog\\\/olivenoel-bilini\\\/frisch-gepresstes-natives-olivenoel-extra\\\/\",\"url\":\"https:\\\/\\\/opg-rakovac.hr\\\/de\\\/blog\\\/olivenoel-bilini\\\/junges-olivenoel-bilini-ist-da\\\/\",\"name\":\"Frisch gepresstes natives Oliven\u00f6l extra Bilini - Ernte 2022\",\"isPartOf\":{\"@id\":\"https:\\\/\\\/opg-rakovac.hr\\\/de\\\/#website\"},\"primaryImageOfPage\":{\"@id\":\"https:\\\/\\\/opg-rakovac.hr\\\/de\\\/blog\\\/olivenoel-bilini\\\/junges-olivenoel-bilini-ist-da\\\/#primaryimage\"},\"image\":{\"@id\":\"https:\\\/\\\/opg-rakovac.hr\\\/de\\\/blog\\\/olivenoel-bilini\\\/junges-olivenoel-bilini-ist-da\\\/#primaryimage\"},\"thumbnailUrl\":\"https:\\\/\\\/opg-rakovac.hr\\\/wp-content\\\/uploads\\\/2022\\\/11\\\/mlado-ekstra-djevicansko-maslinovo-ulje-1.webp\",\"datePublished\":\"2022-11-05T12:14:41+00:00\",\"dateModified\":\"2024-11-07T15:52:19+00:00\",\"description\":\"Frisch gepresstes natives Oliven\u00f6l extra Bilini ist da! Die Ernte 2022 ist vorbei und wir haben frisches, wundersch\u00f6nes Oliven\u00f6l\",\"breadcrumb\":{\"@id\":\"https:\\\/\\\/opg-rakovac.hr\\\/de\\\/blog\\\/olivenoel-bilini\\\/junges-olivenoel-bilini-ist-da\\\/#breadcrumb\"},\"inLanguage\":\"de\",\"potentialAction\":[{\"@type\":\"ReadAction\",\"target\":[\"https:\\\/\\\/opg-rakovac.hr\\\/de\\\/blog\\\/olivenoel-bilini\\\/junges-olivenoel-bilini-ist-da\\\/\"]}]},{\"@type\":\"ImageObject\",\"inLanguage\":\"de\",\"@id\":\"https:\\\/\\\/opg-rakovac.hr\\\/de\\\/blog\\\/olivenoel-bilini\\\/junges-olivenoel-bilini-ist-da\\\/#primaryimage\",\"url\":\"https:\\\/\\\/opg-rakovac.hr\\\/wp-content\\\/uploads\\\/2022\\\/11\\\/mlado-ekstra-djevicansko-maslinovo-ulje-1.webp\",\"contentUrl\":\"https:\\\/\\\/opg-rakovac.hr\\\/wp-content\\\/uploads\\\/2022\\\/11\\\/mlado-ekstra-djevicansko-maslinovo-ulje-1.webp\",\"width\":707,\"height\":707,\"caption\":\"Frisch gepresstes natives Oliven\u00f6l extra\"},{\"@type\":\"BreadcrumbList\",\"@id\":\"https:\\\/\\\/opg-rakovac.hr\\\/de\\\/blog\\\/olivenoel-bilini\\\/junges-olivenoel-bilini-ist-da\\\/#breadcrumb\",\"itemListElement\":[{\"@type\":\"ListItem\",\"position\":1,\"name\":\"Startseite\",\"item\":\"https:\\\/\\\/opg-rakovac.hr\\\/de\\\/\"},{\"@type\":\"ListItem\",\"position\":2,\"name\":\"Frisch gepresstes natives Oliven\u00f6l extra Bilini &#8211; Ernte 2022\"}]},{\"@type\":\"WebSite\",\"@id\":\"https:\\\/\\\/opg-rakovac.hr\\\/de\\\/#website\",\"url\":\"https:\\\/\\\/opg-rakovac.hr\\\/de\\\/\",\"name\":\"OPG Rakovac\",\"description\":\"Istarsko ekstra djevi\u010dansko maslinovo ulje Bilini\",\"publisher\":{\"@id\":\"https:\\\/\\\/opg-rakovac.hr\\\/de\\\/#organization\"},\"inLanguage\":\"de\"},{\"@type\":\"Organization\",\"@id\":\"https:\\\/\\\/opg-rakovac.hr\\\/de\\\/#organization\",\"name\":\"OPG Rakovac\",\"url\":\"https:\\\/\\\/opg-rakovac.hr\\\/de\\\/\",\"logo\":{\"@type\":\"ImageObject\",\"inLanguage\":\"de\",\"@id\":\"https:\\\/\\\/opg-rakovac.hr\\\/de\\\/#\\\/schema\\\/logo\\\/image\\\/\",\"url\":\"https:\\\/\\\/opg-rakovac.hr\\\/wp-content\\\/uploads\\\/2015\\\/12\\\/favicon.png\",\"contentUrl\":\"https:\\\/\\\/opg-rakovac.hr\\\/wp-content\\\/uploads\\\/2015\\\/12\\\/favicon.png\",\"width\":200,\"height\":200,\"caption\":\"OPG Rakovac\"},\"image\":{\"@id\":\"https:\\\/\\\/opg-rakovac.hr\\\/de\\\/#\\\/schema\\\/logo\\\/image\\\/\"},\"sameAs\":[\"https:\\\/\\\/www.facebook.com\\\/Ekstra.djevicansko.maslinovo.ulje.Bilini\\\/\",\"https:\\\/\\\/www.instagram.com\\\/bilini_maslinovo_ulje\\\/\",\"https:\\\/\\\/hr.linkedin.com\\\/in\\\/bilini\",\"https:\\\/\\\/www.pinterest.com\\\/Bilini_OliveOil\\\/\",\"https:\\\/\\\/www.youtube.com\\\/channel\\\/UC7hfzAtwp1YOvhlmwNYkyQw\"]},{\"@type\":\"Person\",\"@id\":\"https:\\\/\\\/opg-rakovac.hr\\\/de\\\/#\\\/schema\\\/person\\\/144d2cd7fe877474e322c4ffe1ea30d7\",\"name\":\"Sa\u0161a\",\"description\":\"Vedrana is the owner of our family farm. But I am sheer power! :) The guy who does all the physical work in olive groves with a little help of my friends (tractors). :)\",\"sameAs\":[\"https:\\\/\\\/opg-rakovac.hr\"],\"url\":\"https:\\\/\\\/opg-rakovac.hr\\\/de\\\/author\\\/admin\\\/\"}]}<\/script>\n<!-- \/ Yoast SEO plugin. -->","yoast_head_json":{"title":"Frisch gepresstes natives Oliven\u00f6l extra Bilini - Ernte 2022","description":"Frisch gepresstes natives Oliven\u00f6l extra Bilini ist da! Die Ernte 2022 ist vorbei und wir haben frisches, wundersch\u00f6nes Oliven\u00f6l","robots":{"index":"index","follow":"follow","max-snippet":"max-snippet:-1","max-image-preview":"max-image-preview:large","max-video-preview":"max-video-preview:-1"},"canonical":"https:\/\/opg-rakovac.hr\/de\/blog\/olivenoel-bilini\/junges-olivenoel-bilini-ist-da\/","og_locale":"de_DE","og_type":"article","og_title":"Frisch gepresstes natives Oliven\u00f6l extra Bilini - Ernte 2022","og_description":"Frisch gepresstes natives Oliven\u00f6l extra Bilini ist da! Die Ernte 2022 ist vorbei und wir haben frisches, wundersch\u00f6nes Oliven\u00f6l","og_url":"https:\/\/opg-rakovac.hr\/de\/blog\/olivenoel-bilini\/junges-olivenoel-bilini-ist-da\/","og_site_name":"OPG Rakovac","article_publisher":"https:\/\/www.facebook.com\/Ekstra.djevicansko.maslinovo.ulje.Bilini\/","article_published_time":"2022-11-05T12:14:41+00:00","article_modified_time":"2024-11-07T15:52:19+00:00","og_image":[{"width":707,"height":707,"url":"https:\/\/opg-rakovac.hr\/wp-content\/uploads\/2022\/11\/mlado-ekstra-djevicansko-maslinovo-ulje-1.webp","type":"image\/webp"}],"author":"Sa\u0161a","twitter_card":"summary_large_image","twitter_misc":{"Verfasst von":"Sa\u0161a","Gesch\u00e4tzte Lesezeit":"7\u00a0Minuten"},"schema":{"@context":"https:\/\/schema.org","@graph":[{"@type":"Article","@id":"https:\/\/opg-rakovac.hr\/de\/blog\/olivenoel-bilini\/junges-olivenoel-bilini-ist-da\/#article","isPartOf":{"@id":"https:\/\/opg-rakovac.hr\/de\/blog\/olivenoel-bilini\/frisch-gepresstes-natives-olivenoel-extra\/"},"author":{"name":"Sa\u0161a","@id":"https:\/\/opg-rakovac.hr\/de\/#\/schema\/person\/144d2cd7fe877474e322c4ffe1ea30d7"},"headline":"Frisch gepresstes natives Oliven\u00f6l extra Bilini &#8211; Ernte 2022","datePublished":"2022-11-05T12:14:41+00:00","dateModified":"2024-11-07T15:52:19+00:00","mainEntityOfPage":{"@id":"https:\/\/opg-rakovac.hr\/de\/blog\/olivenoel-bilini\/frisch-gepresstes-natives-olivenoel-extra\/"},"wordCount":1006,"commentCount":0,"publisher":{"@id":"https:\/\/opg-rakovac.hr\/de\/#organization"},"image":{"@id":"https:\/\/opg-rakovac.hr\/de\/blog\/olivenoel-bilini\/junges-olivenoel-bilini-ist-da\/#primaryimage"},"thumbnailUrl":"https:\/\/opg-rakovac.hr\/wp-content\/uploads\/2022\/11\/mlado-ekstra-djevicansko-maslinovo-ulje-1.webp","keywords":["extra natives Oliven\u00f6l","frisch gepresstes","saison 2022"],"articleSection":["Oliven\u00f6l Bilini"],"inLanguage":"de","potentialAction":[{"@type":"CommentAction","name":"Comment","target":["https:\/\/opg-rakovac.hr\/de\/blog\/olivenoel-bilini\/junges-olivenoel-bilini-ist-da\/#respond"]}]},{"@type":"WebPage","@id":"https:\/\/opg-rakovac.hr\/de\/blog\/olivenoel-bilini\/frisch-gepresstes-natives-olivenoel-extra\/","url":"https:\/\/opg-rakovac.hr\/de\/blog\/olivenoel-bilini\/junges-olivenoel-bilini-ist-da\/","name":"Frisch gepresstes natives Oliven\u00f6l extra Bilini - Ernte 2022","isPartOf":{"@id":"https:\/\/opg-rakovac.hr\/de\/#website"},"primaryImageOfPage":{"@id":"https:\/\/opg-rakovac.hr\/de\/blog\/olivenoel-bilini\/junges-olivenoel-bilini-ist-da\/#primaryimage"},"image":{"@id":"https:\/\/opg-rakovac.hr\/de\/blog\/olivenoel-bilini\/junges-olivenoel-bilini-ist-da\/#primaryimage"},"thumbnailUrl":"https:\/\/opg-rakovac.hr\/wp-content\/uploads\/2022\/11\/mlado-ekstra-djevicansko-maslinovo-ulje-1.webp","datePublished":"2022-11-05T12:14:41+00:00","dateModified":"2024-11-07T15:52:19+00:00","description":"Frisch gepresstes natives Oliven\u00f6l extra Bilini ist da! Die Ernte 2022 ist vorbei und wir haben frisches, wundersch\u00f6nes Oliven\u00f6l","breadcrumb":{"@id":"https:\/\/opg-rakovac.hr\/de\/blog\/olivenoel-bilini\/junges-olivenoel-bilini-ist-da\/#breadcrumb"},"inLanguage":"de","potentialAction":[{"@type":"ReadAction","target":["https:\/\/opg-rakovac.hr\/de\/blog\/olivenoel-bilini\/junges-olivenoel-bilini-ist-da\/"]}]},{"@type":"ImageObject","inLanguage":"de","@id":"https:\/\/opg-rakovac.hr\/de\/blog\/olivenoel-bilini\/junges-olivenoel-bilini-ist-da\/#primaryimage","url":"https:\/\/opg-rakovac.hr\/wp-content\/uploads\/2022\/11\/mlado-ekstra-djevicansko-maslinovo-ulje-1.webp","contentUrl":"https:\/\/opg-rakovac.hr\/wp-content\/uploads\/2022\/11\/mlado-ekstra-djevicansko-maslinovo-ulje-1.webp","width":707,"height":707,"caption":"Frisch gepresstes natives Oliven\u00f6l extra"},{"@type":"BreadcrumbList","@id":"https:\/\/opg-rakovac.hr\/de\/blog\/olivenoel-bilini\/junges-olivenoel-bilini-ist-da\/#breadcrumb","itemListElement":[{"@type":"ListItem","position":1,"name":"Startseite","item":"https:\/\/opg-rakovac.hr\/de\/"},{"@type":"ListItem","position":2,"name":"Frisch gepresstes natives Oliven\u00f6l extra Bilini &#8211; Ernte 2022"}]},{"@type":"WebSite","@id":"https:\/\/opg-rakovac.hr\/de\/#website","url":"https:\/\/opg-rakovac.hr\/de\/","name":"OPG Rakovac","description":"Istarsko ekstra djevi\u010dansko maslinovo ulje Bilini","publisher":{"@id":"https:\/\/opg-rakovac.hr\/de\/#organization"},"inLanguage":"de"},{"@type":"Organization","@id":"https:\/\/opg-rakovac.hr\/de\/#organization","name":"OPG Rakovac","url":"https:\/\/opg-rakovac.hr\/de\/","logo":{"@type":"ImageObject","inLanguage":"de","@id":"https:\/\/opg-rakovac.hr\/de\/#\/schema\/logo\/image\/","url":"https:\/\/opg-rakovac.hr\/wp-content\/uploads\/2015\/12\/favicon.png","contentUrl":"https:\/\/opg-rakovac.hr\/wp-content\/uploads\/2015\/12\/favicon.png","width":200,"height":200,"caption":"OPG Rakovac"},"image":{"@id":"https:\/\/opg-rakovac.hr\/de\/#\/schema\/logo\/image\/"},"sameAs":["https:\/\/www.facebook.com\/Ekstra.djevicansko.maslinovo.ulje.Bilini\/","https:\/\/www.instagram.com\/bilini_maslinovo_ulje\/","https:\/\/hr.linkedin.com\/in\/bilini","https:\/\/www.pinterest.com\/Bilini_OliveOil\/","https:\/\/www.youtube.com\/channel\/UC7hfzAtwp1YOvhlmwNYkyQw"]},{"@type":"Person","@id":"https:\/\/opg-rakovac.hr\/de\/#\/schema\/person\/144d2cd7fe877474e322c4ffe1ea30d7","name":"Sa\u0161a","description":"Vedrana is the owner of our family farm. But I am sheer power! :) The guy who does all the physical work in olive groves with a little help of my friends (tractors). :)","sameAs":["https:\/\/opg-rakovac.hr"],"url":"https:\/\/opg-rakovac.hr\/de\/author\/admin\/"}]}},"_links":{"self":[{"href":"https:\/\/opg-rakovac.hr\/de\/wp-json\/wp\/v2\/posts\/17098","targetHints":{"allow":["GET"]}}],"collection":[{"href":"https:\/\/opg-rakovac.hr\/de\/wp-json\/wp\/v2\/posts"}],"about":[{"href":"https:\/\/opg-rakovac.hr\/de\/wp-json\/wp\/v2\/types\/post"}],"author":[{"embeddable":true,"href":"https:\/\/opg-rakovac.hr\/de\/wp-json\/wp\/v2\/users\/1"}],"replies":[{"embeddable":true,"href":"https:\/\/opg-rakovac.hr\/de\/wp-json\/wp\/v2\/comments?post=17098"}],"version-history":[{"count":5,"href":"https:\/\/opg-rakovac.hr\/de\/wp-json\/wp\/v2\/posts\/17098\/revisions"}],"predecessor-version":[{"id":20263,"href":"https:\/\/opg-rakovac.hr\/de\/wp-json\/wp\/v2\/posts\/17098\/revisions\/20263"}],"wp:featuredmedia":[{"embeddable":true,"href":"https:\/\/opg-rakovac.hr\/de\/wp-json\/wp\/v2\/media\/17036"}],"wp:attachment":[{"href":"https:\/\/opg-rakovac.hr\/de\/wp-json\/wp\/v2\/media?parent=17098"}],"wp:term":[{"taxonomy":"category","embeddable":true,"href":"https:\/\/opg-rakovac.hr\/de\/wp-json\/wp\/v2\/categories?post=17098"},{"taxonomy":"post_tag","embeddable":true,"href":"https:\/\/opg-rakovac.hr\/de\/wp-json\/wp\/v2\/tags?post=17098"}],"curies":[{"name":"wp","href":"https:\/\/api.w.org\/{rel}","templated":true}]}}